{"id":2130,"date":"2022-09-06T10:00:00","date_gmt":"2022-09-06T08:00:00","guid":{"rendered":"https:\/\/grinon.wordcamp.org\/2022\/?p=2130"},"modified":"2022-11-15T20:09:05","modified_gmt":"2022-11-15T19:09:05","slug":"llamada-a-patrocinadores","status":"publish","type":"post","link":"https:\/\/grinon.wordcamp.org\/2022\/blog\/llamada-a-patrocinadores\/","title":{"rendered":"Llamada a Patrocinadores"},"content":{"rendered":"\n<div class=\"wp-block-columns is-layout-flex wp-container-core-columns-is-layout-f56f613f wp-block-columns-is-layout-flex\">\n<div class=\"wp-block-column is-layout-flow wp-block-column-is-layout-flow\">\n<div class=\"wp-block-group alignwide is-layout-flow wp-block-group-is-layout-flow\">\n<h1 class=\"has-primary-color has-text-color wp-block-heading\">Eres tan importante para WordPress y la WordCamp Gri\u00f1\u00f3n como la sal en un buen men\u00fa<\/h1>\n\n\n\n<p class=\"wp-block-paragraph\">Un men\u00fa con una pinta estupenda pero soso\u2026no deja el mismo sabor de boca, \u00bfverdad?<\/p>\n\n\n\n<p class=\"wp-block-paragraph\">Por eso <strong>eres tan importante en la WordCamp Gri\u00f1\u00f3n 2022<\/strong>. Eres quien le da el punto a los mejores platos de nuestro men\u00fa.&nbsp;<\/p>\n\n\n\n<div class=\"wp-block-columns is-layout-flex wp-container-core-columns-is-layout-f56f613f wp-block-columns-is-layout-flex\">\n<div class=\"wp-block-column has-foreground-background-color has-background is-layout-flow wp-block-column-is-layout-flow\" style=\"border-style:none;border-width:0px;padding-top:10px;padding-right:10px;padding-bottom:10px;padding-left:10px\">\n<p class=\"wp-block-paragraph\">\u00bfC\u00f3mo podr\u00edamos conseguir un evento en el que seguir aprendiendo, estar al d\u00eda de todas las novedades de WordPress y tener la oportunidad de hacer el mejor networking sin ti?<\/p>\n<\/div>\n<\/div>\n\n\n\n<p class=\"wp-block-paragraph\">WordPress es el gestor de contenidos m\u00e1s utilizado y la comunidad de Espa\u00f1a, una de las que m\u00e1s colabora y ayuda a mejorarlo d\u00eda a d\u00eda. Y eso te interesa, porque <strong>cada mejora de WordPress te ayuda a mejorar tus productos y que m\u00e1s clientes los utilicen<\/strong>.<\/p>\n\n\n\n<figure class=\"wp-block-image aligncenter size-full is-resized\"><img loading=\"lazy\" decoding=\"async\" src=\"https:\/\/grinon.wordcamp.org\/2022\/files\/2022\/08\/logo-crema-sin-fondo.png\" alt=\"\" class=\"wp-image-1796\" width=\"145\" height=\"108\" srcset=\"https:\/\/grinon.wordcamp.org\/2022\/files\/2022\/08\/logo-crema-sin-fondo.png 578w, https:\/\/grinon.wordcamp.org\/2022\/files\/2022\/08\/logo-crema-sin-fondo-300x224.png 300w, https:\/\/grinon.wordcamp.org\/2022\/files\/2022\/08\/logo-crema-sin-fondo-401x300.png 401w\" sizes=\"auto, (max-width: 145px) 100vw, 145px\" \/><\/figure>\n\n\n\n<p class=\"wp-block-paragraph\">Adem\u00e1s, gracias al apoyo que nos brindas como patrocinador podemos afrontar los gastos que supone un evento de estas caracter\u00edsticas y conseguir que las entradas sean asequibles para todas las personas que quieran asistir.<\/p>\n\n\n\n<figure class=\"wp-block-image aligncenter size-full\"><img loading=\"lazy\" decoding=\"async\" width=\"343\" height=\"123\" src=\"https:\/\/grinon.wordcamp.org\/2022\/files\/2022\/08\/gracias-verde.png\" alt=\"\" class=\"wp-image-1800\" srcset=\"https:\/\/grinon.wordcamp.org\/2022\/files\/2022\/08\/gracias-verde.png 343w, https:\/\/grinon.wordcamp.org\/2022\/files\/2022\/08\/gracias-verde-300x108.png 300w\" sizes=\"auto, (max-width: 343px) 100vw, 343px\" \/><\/figure>\n\n\n\n<p class=\"wp-block-paragraph\">Toda la ayuda es bienvenida, y por eso hemos creado <strong>diferentes niveles de patrocinio<\/strong>, que se adaptan a todas las necesidades. Si quieres estudiarlos en detalle, puedes <strong>descargarte el dossier<\/strong> en el que te contamos todos los detalles.<\/p>\n\n\n\n<p class=\"wp-block-paragraph\">*Te recomendamos que no lo pienses demasiado: <strong>los patrocinios se asignan por orden de llegada<\/strong> <strong>de las solicitudes<\/strong> y son plazas limitadas.<\/p>\n\n\n\n<div class=\"wp-block-columns is-layout-flex wp-container-core-columns-is-layout-f56f613f wp-block-columns-is-layout-flex\">\n<div class=\"wp-block-column is-layout-flow wp-block-column-is-layout-flow\">\n<div class=\"wp-block-buttons is-layout-flex wp-block-buttons-is-layout-flex\">\n<div class=\"wp-block-button aligncenter\"><a class=\"wp-block-button__link wp-element-button\" href=\"https:\/\/grinon.wordcamp.org\/2022\/files\/2022\/09\/WordCamp-Grin\u0303o\u0301n-2022-Patrocinadores.pdf\" target=\"_blank\" rel=\"noreferrer noopener\">Descarga aqu\u00ed el dosier de patrocinios<\/a><\/div>\n<\/div>\n<\/div>\n\n\n\n<div class=\"wp-block-column is-layout-flow wp-block-column-is-layout-flow\">\n<div class=\"wp-block-buttons is-layout-flex wp-block-buttons-is-layout-flex\">\n<div class=\"wp-block-button aligncenter\"><a class=\"wp-block-button__link wp-element-button\" href=\"https:\/\/grinon.wordcamp.org\/2022\/files\/2022\/09\/WordCamp-Grin\u0303o\u0301n-2022-sponsors.pdf\" target=\"_blank\" rel=\"noreferrer noopener\">Download sponsorship dossier <\/a><\/div>\n<\/div>\n<\/div>\n<\/div>\n\n\n\n<p class=\"wp-block-paragraph\">Y si ya lo tienes decidido, <strong>rellena el formulario y env\u00edalo<\/strong>. Nos pondremos en contacto contigo en un santiam\u00e9n.<\/p>\n\n\n\n<div class=\"wp-block-columns is-layout-flex wp-container-core-columns-is-layout-f56f613f wp-block-columns-is-layout-flex\">\n<div class=\"wp-block-column is-layout-flow wp-block-column-is-layout-flow\">\n<div class=\"wp-block-buttons is-content-justification-center is-layout-flex wp-container-core-buttons-is-layout-20959078 wp-block-buttons-is-layout-flex\">\n<div class=\"wp-block-button aligncenter\"><a class=\"wp-block-button__link wp-element-button\" href=\"#FORPATROCINADORES\">Ya lo tengo claro<\/a><\/div>\n<\/div>\n<\/div>\n\n\n\n<div class=\"wp-block-column is-layout-flow wp-block-column-is-layout-flow\">\n<div class=\"wp-block-buttons is-content-justification-center is-layout-flex wp-container-core-buttons-is-layout-20959078 wp-block-buttons-is-layout-flex\">\n<div class=\"wp-block-button aligncenter\"><a class=\"wp-block-button__link wp-element-button\" href=\"#leer\">Necesito saber m\u00e1s<\/a><\/div>\n<\/div>\n<\/div>\n<\/div>\n<\/div>\n\n\n\n<div class=\"wp-block-group is-layout-flow wp-block-group-is-layout-flow\">\n<h3 class=\"wp-block-heading\" id=\"leer\">Patrocinando la WordCamp Gri\u00f1\u00f3n 2022 gana la comunidad y ganas t\u00fa<\/h3>\n\n\n\n<p class=\"wp-block-paragraph\">Tu patrocinio apoya no solo a toda la comunidad WordPress para que pueda seguir creciendo y mejorando, sino a toda la regi\u00f3n, Y, a la vez, <strong>est\u00e1s dando visibilidad a tu marca y tus productos y servicios<\/strong> ante una un mont\u00f3n de profesionales que utilizan WordPress en su d\u00eda a d\u00eda: dise\u00f1adores, copywriters, bloggers, creadores de contenidos, desarrolladores y administradores web\u2026 \u00a1y m\u00e1s!<\/p>\n\n\n\n<div class=\"wp-block-columns is-layout-flex wp-container-core-columns-is-layout-f56f613f wp-block-columns-is-layout-flex\">\n<div class=\"wp-block-column is-layout-flow wp-block-column-is-layout-flow\" style=\"border-top-style:none;border-top-width:0px;border-bottom-style:none;border-bottom-width:0px;border-left-style:none;border-left-width:0px;padding-top:10px;padding-right:10px;padding-bottom:10px;padding-left:10px\">\n<p class=\"wp-block-paragraph\">Entendemos lo importante que es para ti que tu patrocinio te ayude a hacer crecer tu negocio, as\u00ed que si quieres saber por qu\u00e9 ayudarnos a que la WordCamp Gri\u00f1\u00f3n salga a pedir de boca, aqu\u00ed tienes unas cuantas (y buenas) razones:<\/p>\n<\/div>\n<\/div>\n\n\n\n<div class=\"wp-block-columns is-layout-flex wp-container-core-columns-is-layout-f56f613f wp-block-columns-is-layout-flex\">\n<div class=\"wp-block-column is-layout-flow wp-block-column-is-layout-flow\" style=\"flex-basis:10%\">\n<figure class=\"wp-block-image aligncenter size-full is-resized\"><img loading=\"lazy\" decoding=\"async\" src=\"https:\/\/grinon.wordcamp.org\/2022\/files\/2022\/08\/num-1.png\" alt=\"\" class=\"wp-image-1958\" width=\"61\" height=\"63\" \/><\/figure>\n<\/div>\n\n\n\n<div class=\"wp-block-column is-layout-flow wp-block-column-is-layout-flow\" style=\"flex-basis:90%\">\n<h2 class=\"wp-block-heading\">Visibilidad a nivel local, regional y nacional<\/h2>\n\n\n\n<p class=\"wp-block-paragraph\">La WordCamp Gri\u00f1\u00f3n no solo es la primera WordCamp presencial en la Comunidad de Madrid despu\u00e9s de la pandemia, tambi\u00e9n es la <strong>\u00fanica que se celebrar\u00e1 en la regi\u00f3n en 2022<\/strong>.<\/p>\n\n\n\n<p class=\"wp-block-paragraph\">Muchas de las personas que acuden habitualmente a otras WordCamp estar\u00e1n en Gri\u00f1\u00f3n el 18 y 19 de noviembre y t\u00fa tienes la oportunidad de darte a conocer y mostrarles tus productos y servicios.<\/p>\n\n\n\n<p class=\"wp-block-paragraph\">Adem\u00e1s, es un <strong>evento oficial de WordPress<\/strong>, por lo que llegar\u00e1 a todos los usuarios de la plataforma.<\/p>\n<\/div>\n<\/div>\n\n\n\n<div class=\"wp-block-columns is-layout-flex wp-container-core-columns-is-layout-f56f613f wp-block-columns-is-layout-flex\">\n<div class=\"wp-block-column is-layout-flow wp-block-column-is-layout-flow\" style=\"flex-basis:10%\">\n<figure class=\"wp-block-image aligncenter size-full\"><img loading=\"lazy\" decoding=\"async\" width=\"59\" height=\"59\" src=\"https:\/\/grinon.wordcamp.org\/2022\/files\/2022\/08\/dos.png\" alt=\"\" class=\"wp-image-1806\" \/><\/figure>\n<\/div>\n\n\n\n<div class=\"wp-block-column is-layout-flow wp-block-column-is-layout-flow\" style=\"flex-basis:90%\">\n<h2 class=\"wp-block-heading\">Promoci\u00f3n online<\/h2>\n\n\n\n<p class=\"wp-block-paragraph\">La WordCamp Gri\u00f1\u00f3n tendr\u00e1 difusi\u00f3n no solo a nivel de WordPress. Nuestra intenci\u00f3n es completar el aforo, as\u00ed que haremos <strong>promoci\u00f3n en multitud de medios online<\/strong>, como redes sociales, en podcast especializados del sector, newsletters, blogs\u2026<\/p>\n\n\n\n<p class=\"wp-block-paragraph\">Adem\u00e1s, puedes aparecer en la web oficial de la WordCamp Gri\u00f1\u00f3n, en nuestro blog (en formato entrevista) y en los emails que enviaremos a los asistentes para <strong>ayudarte a posicionar tu marca<\/strong>.&nbsp;<\/p>\n<\/div>\n<\/div>\n\n\n\n<div class=\"wp-block-columns is-layout-flex wp-container-core-columns-is-layout-f56f613f wp-block-columns-is-layout-flex\">\n<div class=\"wp-block-column is-layout-flow wp-block-column-is-layout-flow\" style=\"flex-basis:10%\">\n<figure class=\"wp-block-image aligncenter size-full\"><img loading=\"lazy\" decoding=\"async\" width=\"50\" height=\"57\" src=\"https:\/\/grinon.wordcamp.org\/2022\/files\/2022\/08\/tres.png\" alt=\"\" class=\"wp-image-1807\" \/><\/figure>\n<\/div>\n\n\n\n<div class=\"wp-block-column is-layout-flow wp-block-column-is-layout-flow\" style=\"flex-basis:90%\">\n<h2 class=\"wp-block-heading\">Promoci\u00f3n offline y presencial en el evento.<\/h2>\n\n\n\n<p class=\"wp-block-paragraph\">Tambi\u00e9n vamos a hacer correr la voz entre los <strong>medios de comunicaci\u00f3n locales<\/strong>.<\/p>\n\n\n\n<p class=\"wp-block-paragraph\">Y puedes disponer de <strong>espacio f\u00edsico en el recinto <\/strong>en el que exponer tus materiales, e incluso aparecer en los rollups oficiales, a\u00f1adir los tuyos propios, participar en los sorteos, ser mencionado al principio y al final de las ponencias\u2026<\/p>\n<\/div>\n<\/div>\n\n\n\n<div class=\"wp-block-columns is-layout-flex wp-container-core-columns-is-layout-f56f613f wp-block-columns-is-layout-flex\">\n<div class=\"wp-block-column is-layout-flow wp-block-column-is-layout-flow\" style=\"flex-basis:10%\">\n<figure class=\"wp-block-image aligncenter size-full\"><img loading=\"lazy\" decoding=\"async\" width=\"59\" height=\"63\" src=\"https:\/\/grinon.wordcamp.org\/2022\/files\/2022\/08\/cuatro.png\" alt=\"\" class=\"wp-image-1808\" \/><\/figure>\n<\/div>\n\n\n\n<div class=\"wp-block-column is-layout-flow wp-block-column-is-layout-flow\" style=\"flex-basis:90%\">\n<h2 class=\"wp-block-heading\">\u00a1Habla con ellos!<\/h2>\n\n\n\n<p class=\"wp-block-paragraph\">Un stand f\u00edsico te da la posibilidad de interactuar con los asistentes, hacer demos de tus productos y darles informaci\u00f3n de t\u00fa a t\u00fa. Pero adem\u00e1s, puedes participar en el <strong>juego de networking<\/strong> que vamos a organizar para fomentar el contacto entre asistentes y patrocinadores y que ning\u00fan asistente se vaya sin conocerte.<\/p>\n\n\n\n<p class=\"wp-block-paragraph\">Poder <strong>charlar en persona con los asistentes<\/strong>, y conseguir que tus productos sean tangibles para ellos, en directo, no tiene precio.<\/p>\n<\/div>\n<\/div>\n\n\n\n<div class=\"wp-block-columns is-layout-flex wp-container-core-columns-is-layout-f56f613f wp-block-columns-is-layout-flex\">\n<div class=\"wp-block-column is-layout-flow wp-block-column-is-layout-flow\" style=\"flex-basis:10%\">\n<figure class=\"wp-block-image aligncenter size-full\"><img loading=\"lazy\" decoding=\"async\" width=\"52\" height=\"57\" src=\"https:\/\/grinon.wordcamp.org\/2022\/files\/2022\/08\/cinc.png\" alt=\"\" class=\"wp-image-1813\" \/><\/figure>\n<\/div>\n\n\n\n<div class=\"wp-block-column is-layout-flow wp-block-column-is-layout-flow\" style=\"flex-basis:90%\">\n<h2 class=\"wp-block-heading\">Presencia en redes sociales<\/h2>\n\n\n\n<p class=\"wp-block-paragraph\">Patrocinar la WordCamp Gri\u00f1\u00f3n 2022 te da la posibilidad de <strong>que tu empresa sea mencionada en nuestras redes sociales.<\/strong> La mayor\u00eda de los asistentes son profesionales que utilizan las redes sociales en sus negocios y podr\u00e1n verte y conocerte mejor, antes, durante y despu\u00e9s de la WordCamp.<\/p>\n<\/div>\n<\/div>\n\n\n\n<div class=\"wp-block-columns is-layout-flex wp-container-core-columns-is-layout-f56f613f wp-block-columns-is-layout-flex\">\n<div class=\"wp-block-column is-layout-flow wp-block-column-is-layout-flow\" style=\"flex-basis:10%\">\n<figure class=\"wp-block-image aligncenter size-full\"><img loading=\"lazy\" decoding=\"async\" width=\"48\" height=\"53\" src=\"https:\/\/grinon.wordcamp.org\/2022\/files\/2022\/08\/seis.png\" alt=\"\" class=\"wp-image-1811\" \/><\/figure>\n<\/div>\n\n\n\n<div class=\"wp-block-column is-layout-flow wp-block-column-is-layout-flow\" style=\"flex-basis:90%\">\n<h2 class=\"wp-block-heading\">Cu\u00e9late en sus bolsas<\/h2>\n\n\n\n<p class=\"wp-block-paragraph\"><strong>A\u00f1ade material promocional al kit de bienvenida<\/strong> que entregaremos a todos los asistentes. As\u00ed te recordar\u00e1n mejor y podr\u00e1s despertar su curiosidad para que te busquen despu\u00e9s de la WordCamp, incluso aunque no hayan podido acercarse a tu stand.&nbsp;<\/p>\n<\/div>\n<\/div>\n<\/div>\n\n\n\n<div class=\"wp-block-group is-layout-flow wp-block-group-is-layout-flow\">\n<h3 class=\"wp-block-heading\">La WordCamp especializada en E-Commerce<\/h3>\n\n\n\n<figure class=\"wp-block-image aligncenter size-full is-resized\"><img loading=\"lazy\" decoding=\"async\" src=\"https:\/\/grinon.wordcamp.org\/2022\/files\/2022\/08\/e-commerce.png\" alt=\"\" class=\"wp-image-1822\" width=\"212\" height=\"129\" srcset=\"https:\/\/grinon.wordcamp.org\/2022\/files\/2022\/08\/e-commerce.png 423w, https:\/\/grinon.wordcamp.org\/2022\/files\/2022\/08\/e-commerce-300x183.png 300w\" sizes=\"auto, (max-width: 212px) 100vw, 212px\" \/><\/figure>\n\n\n\n<p class=\"wp-block-paragraph\">Que las compras en tiendas online han crecido como la espuma desde principios del 2020 no es ninguna novedad.&nbsp;<\/p>\n\n\n\n<p class=\"wp-block-paragraph\">Aunque ya era una tendencia antes, la pandemia provoc\u00f3 el nacimiento de muchos negocios online y que un gran n\u00famero de empresas que a\u00fan no hab\u00edan dado el salto a Internet se dieran cuenta de su potencial para llegar a nuevos clientes, acelerando su digitalizaci\u00f3n.&nbsp;<\/p>\n\n\n\n<p class=\"wp-block-paragraph\">Como consecuencia, <strong>la creaci\u00f3n de e-commerce est\u00e1 en alza y muchos profesionales relacionados con WordPress est\u00e1n adaptando sus negocios para dar cabida a este tipo de sitios web<\/strong>. Tu presencia en la WordCamp Gri\u00f1\u00f3n 2022 es muy importante para que conozcan todas las posibilidades que les dan las herramientas compatibles con WordPress.<\/p>\n\n\n\n<h3 class=\"wp-block-heading\">Tu marca en el escenario principal<\/h3>\n\n\n\n<p class=\"wp-block-paragraph\">Adem\u00e1s de tener un stand, tu marca puede <strong>aparecer en los rollups del escenario principal<\/strong> <strong>y proyectada en las pantallas<\/strong> entre charla y charla.<\/p>\n\n\n\n<p class=\"wp-block-paragraph\">Incluso puedes hacer sorteos entre los asistentes para que puedan probar tus productos y hacer que tu marca sea mencionada en las charlas de apertura y cierre del evento.<\/p>\n\n\n\n<p class=\"wp-block-paragraph\">Si adem\u00e1s eres el patrocinador de la <em>After Party<\/em>, \u00a1hay una <strong>lona especial<\/strong> esper\u00e1ndote!<\/p>\n\n\n\n<h3 class=\"wp-block-heading\">Cena de patrocinadores, ponentes, voluntarios y organizadores<\/h3>\n\n\n\n<p class=\"wp-block-paragraph\">La noche del viernes 18, \u00a1nos vamos de cena! Para conocernos mejor y coger fuerzas para el d\u00eda grande de la WordCamp.&nbsp;<\/p>\n\n\n\n<p class=\"wp-block-paragraph\">Si eliges un nivel de patrocinio en el que est\u00e1 incluida la cena, te esperamos para hacer <strong>networking con otros patrocinadores, ponentes, voluntarios\u2026<\/strong> \u00a1y con los organizadores, que somos un encanto! O eso dicen nuestras madres \ud83d\ude03&nbsp;<\/p>\n\n\n\n<figure class=\"wp-block-image aligncenter size-full is-resized\"><img loading=\"lazy\" decoding=\"async\" src=\"https:\/\/grinon.wordcamp.org\/2022\/files\/2022\/08\/patrocinar-1.png\" alt=\"\" class=\"wp-image-1831\" width=\"240\" height=\"166\" srcset=\"https:\/\/grinon.wordcamp.org\/2022\/files\/2022\/08\/patrocinar-1.png 960w, https:\/\/grinon.wordcamp.org\/2022\/files\/2022\/08\/patrocinar-1-300x207.png 300w, https:\/\/grinon.wordcamp.org\/2022\/files\/2022\/08\/patrocinar-1-768x530.png 768w, https:\/\/grinon.wordcamp.org\/2022\/files\/2022\/08\/patrocinar-1-435x300.png 435w\" sizes=\"auto, (max-width: 240px) 100vw, 240px\" \/><\/figure>\n\n\n\n<h3 class=\"wp-block-heading\">Accede a una comunidad muy comprometida.<\/h3>\n\n\n\n<p class=\"wp-block-paragraph\">Con <strong>casi 400 miembros<\/strong>, la Meetup Gri\u00f1\u00f3n se ha destacado como una de las comunidades m\u00e1s activas de Espa\u00f1a durante la pandemia, as\u00ed que contamos con una comunidad comprometida y con <strong>muchas ganas de trabajar, ayudar y probar cosas nuevas<\/strong>.&nbsp;<\/p>\n\n\n\n<p class=\"wp-block-paragraph\">Contamos con el <strong>respaldo total del ayuntamiento de Gri\u00f1\u00f3n<\/strong>, que est\u00e1 poniendo todo de su parte para que la asistencia sea masiva con acciones como facilitarnos un servicio de transporte totalmente gratis desde el centro de Madrid.<\/p>\n\n\n\n<p class=\"wp-block-paragraph\">*Las ventajas de las que puedes disfrutar dependen del nivel de patrocinio que elijas, consulta la tabla de patrocinios para asegurarte de qu\u00e9 incluye el tuyo.<\/p>\n\n\n\n<h3 class=\"wp-block-heading\">\u00bfC\u00f3mo puedo patrocinar la WordCamp Gri\u00f1\u00f3n 2022?<\/h3>\n\n\n\n<p class=\"wp-block-paragraph\">Hemos preparado varios niveles de patrocinio que puedan adaptarse a todas las necesidades de las empresas locales, nacionales e internacionales relacionadas con WordPress.<\/p>\n\n\n\n<p class=\"wp-block-paragraph\">Para que puedas elegir la tuya, aqu\u00ed tienes la tabla con todo lo que incluye cada uno de los niveles:&nbsp;<\/p>\n\n\n\n<figure class=\"wp-block-image aligncenter size-large\"><a href=\"https:\/\/grinon.wordcamp.org\/2022\/files\/2022\/08\/patrocinadores-tabla.png\" target=\"_blank\" rel=\"noreferrer noopener\"><img loading=\"lazy\" decoding=\"async\" width=\"1024\" height=\"576\" src=\"https:\/\/grinon.wordcamp.org\/2022\/files\/2022\/08\/patrocinadores-tabla-1024x576.png\" alt=\"\" class=\"wp-image-1883\" srcset=\"https:\/\/grinon.wordcamp.org\/2022\/files\/2022\/08\/patrocinadores-tabla-1024x576.png 1024w, https:\/\/grinon.wordcamp.org\/2022\/files\/2022\/08\/patrocinadores-tabla-300x169.png 300w, https:\/\/grinon.wordcamp.org\/2022\/files\/2022\/08\/patrocinadores-tabla-768x432.png 768w, https:\/\/grinon.wordcamp.org\/2022\/files\/2022\/08\/patrocinadores-tabla-500x281.png 500w, https:\/\/grinon.wordcamp.org\/2022\/files\/2022\/08\/patrocinadores-tabla.png 1280w\" sizes=\"auto, (max-width: 1024px) 100vw, 1024px\" \/><\/a><\/figure>\n\n\n\n<p class=\"wp-block-paragraph\">*Recuerda que <strong>las plazas de patrocinio son limitadas y se van asignando por orden de llegada<\/strong> de las solicitudes. Si quieres contribuir a la WordCamp Gri\u00f1\u00f3n 2022 con tu patrocinio, ahora es el momento.<\/p>\n\n\n\n<div class=\"wp-block-columns is-layout-flex wp-container-core-columns-is-layout-34d4f77b wp-block-columns-is-layout-flex\" style=\"border-bottom-style:none;border-bottom-width:0px;border-left-style:none;border-left-width:0px;padding-top:10px;padding-right:10px;padding-bottom:10px;padding-left:10px\">\n<div class=\"wp-block-column is-layout-flow wp-block-column-is-layout-flow\" style=\"flex-basis:100%\">\n<p class=\"wp-block-paragraph\">Y si quieres ayudar a que la WordCamp salga adelante, pero tu proyecto no tiene todav\u00eda la envergadura necesaria para acceder a uno de los niveles, sigue leyendo, porque tambi\u00e9n tenemos opciones para ti:&nbsp;<\/p>\n<\/div>\n<\/div>\n\n\n\n<div class=\"wp-block-columns is-layout-flex wp-container-core-columns-is-layout-f56f613f wp-block-columns-is-layout-flex\">\n<div class=\"wp-block-column is-layout-flow wp-block-column-is-layout-flow\" style=\"flex-basis:10%\">\n<figure class=\"wp-block-image aligncenter size-full\"><img loading=\"lazy\" decoding=\"async\" width=\"61\" height=\"63\" src=\"https:\/\/grinon.wordcamp.org\/2022\/files\/2022\/08\/num-1.png\" alt=\"\" class=\"wp-image-1958\" \/><\/figure>\n<\/div>\n\n\n\n<div class=\"wp-block-column is-layout-flow wp-block-column-is-layout-flow\" style=\"flex-basis:90%\">\n<h2 class=\"wp-block-heading\">Donaciones<\/h2>\n\n\n\n<p class=\"wp-block-paragraph\">En una WordCamp toda ayuda es poca: puedes donarnos consumibles, hacerte cargo de alg\u00fan servicio, como la impresi\u00f3n, traernos acreditaciones, pegatinas, alimentos\u2026&nbsp;<\/p>\n<\/div>\n<\/div>\n\n\n\n<div class=\"wp-block-columns is-layout-flex wp-container-core-columns-is-layout-f56f613f wp-block-columns-is-layout-flex\">\n<div class=\"wp-block-column is-layout-flow wp-block-column-is-layout-flow\" style=\"flex-basis:10%\">\n<figure class=\"wp-block-image aligncenter size-full\"><img loading=\"lazy\" decoding=\"async\" width=\"59\" height=\"59\" src=\"https:\/\/grinon.wordcamp.org\/2022\/files\/2022\/08\/dos.png\" alt=\"\" class=\"wp-image-1806\" \/><\/figure>\n<\/div>\n\n\n\n<div class=\"wp-block-column is-layout-flow wp-block-column-is-layout-flow\" style=\"flex-basis:90%\">\n<h2 class=\"wp-block-heading\">\u00bfTienes un hotel cerca de Gri\u00f1\u00f3n y quieres aumentar la ocupaci\u00f3n en noviembre?<\/h2>\n\n\n\n<p class=\"wp-block-paragraph\">La WordCamp Gri\u00f1\u00f3n no se celebra en temporada alta, pero los asistentes que vengan desde fuera de Madrid estar\u00e1n encantados de alojarse en hoteles cercanos y con encanto.&nbsp;<\/p>\n\n\n\n<p class=\"wp-block-paragraph\">Si es tu caso, <strong>puedes aportar un descuento en el importe de las reservas de asistentes<\/strong> al evento o un regalito extra. Nosotros nos comprometemos a hacerles llegar la informaci\u00f3n a todas las personas que est\u00e9n interesadas en asistir.<\/p>\n<\/div>\n<\/div>\n\n\n\n<div class=\"wp-block-columns is-layout-flex wp-container-core-columns-is-layout-f56f613f wp-block-columns-is-layout-flex\">\n<div class=\"wp-block-column is-layout-flow wp-block-column-is-layout-flow\" style=\"flex-basis:10%\">\n<figure class=\"wp-block-image aligncenter size-full\"><img loading=\"lazy\" decoding=\"async\" width=\"50\" height=\"57\" src=\"https:\/\/grinon.wordcamp.org\/2022\/files\/2022\/08\/tres.png\" alt=\"\" class=\"wp-image-1807\" \/><\/figure>\n<\/div>\n\n\n\n<div class=\"wp-block-column is-layout-flow wp-block-column-is-layout-flow\" style=\"flex-basis:90%\">\n<h2 class=\"wp-block-heading\">Regalos<\/h2>\n\n\n\n<p class=\"wp-block-paragraph\">En la WordCamp Gri\u00f1\u00f3n vamos a hacer varios concursos, as\u00ed que <strong>si tienes art\u00edculos relacionados con WordPress, puedes aportarlos<\/strong> y contribuir a la vez que consigues visibilidad. Ponte en contacto con nosotros y vemos c\u00f3mo organizarlo.<\/p>\n<\/div>\n<\/div>\n\n\n\n<div class=\"wp-block-columns is-layout-flex wp-container-core-columns-is-layout-f56f613f wp-block-columns-is-layout-flex\">\n<div class=\"wp-block-column is-layout-flow wp-block-column-is-layout-flow\" style=\"flex-basis:10%\">\n<figure class=\"wp-block-image aligncenter size-full\"><img loading=\"lazy\" decoding=\"async\" width=\"59\" height=\"63\" src=\"https:\/\/grinon.wordcamp.org\/2022\/files\/2022\/08\/cuatro.png\" alt=\"\" class=\"wp-image-1808\" \/><\/figure>\n<\/div>\n\n\n\n<div class=\"wp-block-column is-layout-flow wp-block-column-is-layout-flow\" style=\"flex-basis:90%\">\n<h2 class=\"wp-block-heading\">\u00bfTienes una idea para aportar, pero no aparece aqu\u00ed?<\/h2>\n\n\n\n<p class=\"wp-block-paragraph\">\u00a1Ning\u00fan problema! Contacta con nosotros y cu\u00e9ntanos qu\u00e9 tienes en mente. Tu aportaci\u00f3n ser\u00e1 una contribuci\u00f3n muy importante para que la comunidad WordPress siga creciendo, as\u00ed que estaremos encantados de valorar tu oferta y trabajar contigo.<\/p>\n<\/div>\n<\/div>\n\n\n\n<p class=\"wp-block-paragraph\">Si ya has decidido c\u00f3mo patrocinar la WordCamp Gri\u00f1\u00f3n, \u00a1es la hora! Rellena ahora el formulario y nos pondremos en contacto contigo lo antes posible.<\/p>\n<\/div>\n\n\n\n<div class=\"wp-block-columns is-layout-flex wp-container-core-columns-is-layout-f56f613f wp-block-columns-is-layout-flex\">\n<div class=\"wp-block-column is-layout-flow wp-block-column-is-layout-flow\" id=\"FORPATROCINADORES\">\n<p class=\"has-text-align-center wp-block-paragraph\"><strong>No se admiten m\u00e1s patrocinadores<\/strong><\/p>\n<\/div>\n<\/div>\n<\/div>\n<\/div>\n","protected":false},"excerpt":{"rendered":"<p>Gracias al apoyo que nos brindas como patrocinador podemos afrontar los gastos que supone un evento de estas caracter\u00edsticas y conseguir que las entradas sean asequibles para todas las personas que quieran asistir.<\/p>\n<p>Patrocinando la WordCamp Gri\u00f1\u00f3n 2022 gana la comunidad y ganas t\u00fa.<\/p>\n","protected":false},"author":15057862,"featured_media":3006,"comment_status":"closed","ping_status":"closed","sticky":false,"template":"single-no-separators","format":"standard","meta":{"_crdt_document":"","jetpack_post_was_ever_published":false,"_jetpack_newsletter_access":"","_jetpack_dont_email_post_to_subs":false,"_jetpack_newsletter_tier_id":0,"_jetpack_memberships_contains_paywalled_content":false,"_jetpack_memberships_contains_paid_content":false,"footnotes":""},"categories":[1],"tags":[],"class_list":["post-2130","post","type-post","status-publish","format-standard","has-post-thumbnail","hentry","category-blog"],"jetpack_featured_media_url":"https:\/\/grinon.wordcamp.org\/2022\/files\/2022\/09\/i-patrocinadores.jpg","jetpack_sharing_enabled":true,"_links":{"self":[{"href":"https:\/\/grinon.wordcamp.org\/2022\/wp-json\/wp\/v2\/posts\/2130","targetHints":{"allow":["GET"]}}],"collection":[{"href":"https:\/\/grinon.wordcamp.org\/2022\/wp-json\/wp\/v2\/posts"}],"about":[{"href":"https:\/\/grinon.wordcamp.org\/2022\/wp-json\/wp\/v2\/types\/post"}],"author":[{"embeddable":true,"href":"https:\/\/grinon.wordcamp.org\/2022\/wp-json\/wp\/v2\/users\/15057862"}],"replies":[{"embeddable":true,"href":"https:\/\/grinon.wordcamp.org\/2022\/wp-json\/wp\/v2\/comments?post=2130"}],"version-history":[{"count":15,"href":"https:\/\/grinon.wordcamp.org\/2022\/wp-json\/wp\/v2\/posts\/2130\/revisions"}],"predecessor-version":[{"id":4553,"href":"https:\/\/grinon.wordcamp.org\/2022\/wp-json\/wp\/v2\/posts\/2130\/revisions\/4553"}],"wp:featuredmedia":[{"embeddable":true,"href":"https:\/\/grinon.wordcamp.org\/2022\/wp-json\/wp\/v2\/media\/3006"}],"wp:attachment":[{"href":"https:\/\/grinon.wordcamp.org\/2022\/wp-json\/wp\/v2\/media?parent=2130"}],"wp:term":[{"taxonomy":"category","embeddable":true,"href":"https:\/\/grinon.wordcamp.org\/2022\/wp-json\/wp\/v2\/categories?post=2130"},{"taxonomy":"post_tag","embeddable":true,"href":"https:\/\/grinon.wordcamp.org\/2022\/wp-json\/wp\/v2\/tags?post=2130"}],"curies":[{"name":"wp","href":"https:\/\/api.w.org\/{rel}","templated":true}]}}