{"id":4727,"date":"2022-11-23T00:49:28","date_gmt":"2022-11-22T23:49:28","guid":{"rendered":"https:\/\/grinon.wordcamp.org\/2022\/?p=4727"},"modified":"2022-11-23T12:14:11","modified_gmt":"2022-11-23T11:14:11","slug":"fotos-y-videos-wcgrinon22","status":"publish","type":"post","link":"https:\/\/grinon.wordcamp.org\/2022\/blog\/fotos-y-videos-wcgrinon22\/","title":{"rendered":"Fotos y v\u00eddeos WordCamp Gri\u00f1\u00f3n 2022"},"content":{"rendered":"\n<h1 class=\"wp-block-heading\">Fotos y v\u00eddeos entre coliflores <\/h1>\n\n\n\n<h2 class=\"wp-block-heading\">Fotos oficiales del Equipo de WCGri\u00f1\u00f3n: Nilo V\u00e9lez e Isaac Garc\u00eda:<\/h2>\n\n\n\n<figure class=\"wp-block-image size-large\"><a href=\"https:\/\/www.flickr.com\/photos\/wpgrinon\/albums\" target=\"_blank\" rel=\"noreferrer noopener\"><img loading=\"lazy\" decoding=\"async\" width=\"1024\" height=\"683\" src=\"https:\/\/grinon.wordcamp.org\/2022\/files\/2022\/11\/foto-familia-wordcamp-grinon-2022-1024x683.jpg\" alt=\"Foto de familia de WordCamp Gri\u00f1\u00f3n frente al Centro Cultural\" class=\"wp-image-4730\" srcset=\"https:\/\/grinon.wordcamp.org\/2022\/files\/2022\/11\/foto-familia-wordcamp-grinon-2022-1024x683.jpg 1024w, https:\/\/grinon.wordcamp.org\/2022\/files\/2022\/11\/foto-familia-wordcamp-grinon-2022-300x200.jpg 300w, https:\/\/grinon.wordcamp.org\/2022\/files\/2022\/11\/foto-familia-wordcamp-grinon-2022-768x512.jpg 768w, https:\/\/grinon.wordcamp.org\/2022\/files\/2022\/11\/foto-familia-wordcamp-grinon-2022-450x300.jpg 450w, https:\/\/grinon.wordcamp.org\/2022\/files\/2022\/11\/foto-familia-wordcamp-grinon-2022-1536x1024.jpg 1536w, https:\/\/grinon.wordcamp.org\/2022\/files\/2022\/11\/foto-familia-wordcamp-grinon-2022-2048x1365.jpg 2048w\" sizes=\"auto, (max-width: 1024px) 100vw, 1024px\" \/><\/a><figcaption class=\"wp-element-caption\">Foto de familia de WordCamp Gri\u00f1\u00f3n frente al Centro Cultural. Pincha en la foto para ver todas en Flickr.<\/figcaption><\/figure>\n\n\n\n<p class=\"wp-block-paragraph\">Si utilizas alguna de las fotos en tus publicaciones, por favor, menciona a Nilo V\u00e9lez o Isaac Garc\u00eda.<\/p>\n\n\n\n<h2 class=\"wp-block-heading\">V\u00eddeos de ponencias y talleres de WordCamp Gri\u00f1\u00f3n 2022: Julio de la Iglesia y Fernando Portome\u00f1e (<a href=\"https:\/\/grinon.wordcamp.org\/2022\/patrocinadores\/desafio-digital\/\">Desafio Digital<\/a>)<\/h2>\n\n\n\n<figure class=\"wp-block-image size-full\"><a href=\"https:\/\/wordpress.tv\/event\/wordcamp-grinon-2022\/\" target=\"_blank\" rel=\"noreferrer noopener\"><img loading=\"lazy\" decoding=\"async\" width=\"706\" height=\"548\" src=\"https:\/\/grinon.wordcamp.org\/2022\/files\/2022\/11\/ponencias-talleres-wordcamp-grinon-2022-2.jpg\" alt=\"\" class=\"wp-image-4748\" srcset=\"https:\/\/grinon.wordcamp.org\/2022\/files\/2022\/11\/ponencias-talleres-wordcamp-grinon-2022-2.jpg 706w, https:\/\/grinon.wordcamp.org\/2022\/files\/2022\/11\/ponencias-talleres-wordcamp-grinon-2022-2-300x233.jpg 300w, https:\/\/grinon.wordcamp.org\/2022\/files\/2022\/11\/ponencias-talleres-wordcamp-grinon-2022-2-386x300.jpg 386w\" sizes=\"auto, (max-width: 706px) 100vw, 706px\" \/><\/a><figcaption class=\"wp-element-caption\">Ponencias y Talleres de WordCamp Gri\u00f1\u00f3n. Pincha para ver los subidos.<\/figcaption><\/figure>\n\n\n\n<p class=\"wp-block-paragraph\">Gracias al equipo de WordPressTV por subir los v\u00eddeos con tanta celeridad, a\u00fan faltan varios.<\/p>\n\n\n\n<p class=\"wp-block-paragraph\">Estos d\u00edas publicaremos m\u00e1s cosas en el blog en el postWorCamp, suscr\u00edbete.<\/p>\n","protected":false},"excerpt":{"rendered":"<p>Las coliflores hicieron especial las dos jornadas pero fue mejor veros a todas y todos en Gri\u00f1\u00f3n.<\/p>\n","protected":false},"author":14297363,"featured_media":4733,"comment_status":"open","ping_status":"","sticky":false,"template":"single-no-separators","format":"standard","meta":{"_crdt_document":"","jetpack_post_was_ever_published":false,"_jetpack_newsletter_access":"","_jetpack_dont_email_post_to_subs":false,"_jetpack_newsletter_tier_id":0,"_jetpack_memberships_contains_paywalled_content":false,"_jetpack_memberships_contains_paid_content":false,"footnotes":""},"categories":[1],"tags":[],"class_list":["post-4727","post","type-post","status-publish","format-standard","has-post-thumbnail","hentry","category-blog"],"jetpack_featured_media_url":"https:\/\/grinon.wordcamp.org\/2022\/files\/2022\/11\/fotos-entre-coliflores-1.jpg","jetpack_sharing_enabled":true,"_links":{"self":[{"href":"https:\/\/grinon.wordcamp.org\/2022\/wp-json\/wp\/v2\/posts\/4727","targetHints":{"allow":["GET"]}}],"collection":[{"href":"https:\/\/grinon.wordcamp.org\/2022\/wp-json\/wp\/v2\/posts"}],"about":[{"href":"https:\/\/grinon.wordcamp.org\/2022\/wp-json\/wp\/v2\/types\/post"}],"author":[{"embeddable":true,"href":"https:\/\/grinon.wordcamp.org\/2022\/wp-json\/wp\/v2\/users\/14297363"}],"replies":[{"embeddable":true,"href":"https:\/\/grinon.wordcamp.org\/2022\/wp-json\/wp\/v2\/comments?post=4727"}],"version-history":[{"count":8,"href":"https:\/\/grinon.wordcamp.org\/2022\/wp-json\/wp\/v2\/posts\/4727\/revisions"}],"predecessor-version":[{"id":4763,"href":"https:\/\/grinon.wordcamp.org\/2022\/wp-json\/wp\/v2\/posts\/4727\/revisions\/4763"}],"wp:featuredmedia":[{"embeddable":true,"href":"https:\/\/grinon.wordcamp.org\/2022\/wp-json\/wp\/v2\/media\/4733"}],"wp:attachment":[{"href":"https:\/\/grinon.wordcamp.org\/2022\/wp-json\/wp\/v2\/media?parent=4727"}],"wp:term":[{"taxonomy":"category","embeddable":true,"href":"https:\/\/grinon.wordcamp.org\/2022\/wp-json\/wp\/v2\/categories?post=4727"},{"taxonomy":"post_tag","embeddable":true,"href":"https:\/\/grinon.wordcamp.org\/2022\/wp-json\/wp\/v2\/tags?post=4727"}],"curies":[{"name":"wp","href":"https:\/\/api.w.org\/{rel}","templated":true}]}}