{"id":4792,"date":"2022-12-02T12:14:02","date_gmt":"2022-12-02T11:14:02","guid":{"rendered":"https:\/\/grinon.wordcamp.org\/2022\/?p=4792"},"modified":"2022-12-02T12:22:06","modified_gmt":"2022-12-02T11:22:06","slug":"y-colorin-colorado","status":"publish","type":"post","link":"https:\/\/grinon.wordcamp.org\/2022\/blog\/y-colorin-colorado\/","title":{"rendered":"Y color\u00edn colorado\u2026 \u00bfeste cuento se ha acabado?"},"content":{"rendered":"\n<h1 class=\"wp-block-heading\" id=\"y-colorin-colorado-este-cuento-se-ha-acabado\">Y color\u00edn colorado\u2026 \u00bfeste cuento se ha acabado?<\/h1>\n\n\n\n<p class=\"wp-block-paragraph\">No tan r\u00e1pido. Dicen que <strong>una WordCamp no se acaba hasta que se escribe sobre ella<\/strong>.<\/p>\n\n\n\n<p class=\"wp-block-paragraph\">Es lo tradicional, y en Gri\u00f1\u00f3n somos muy de tradiciones, as\u00ed que no vamos a saltarnos esta.<\/p>\n\n\n\n<p class=\"wp-block-paragraph\">Eso s\u00ed, nos hemos tomado unos d\u00edas de \u201cdescanso\u201d (aunque de descansar, poquito), para poder recuperarnos de todas las emociones que hemos compartido y poner en perspectiva todo lo vivido.<\/p>\n\n\n\n<p class=\"wp-block-paragraph\">Quiz\u00e1 pueda decirse que esta ha sido <strong>la WordCamp m\u00e1s larga de la historia<\/strong>, si contamos desde el momento en que a Fernando L\u00f3pez <a href=\"https:\/\/youtu.be\/SryP-b_mA_c?t=1012\" target=\"_blank\" rel=\"noreferrer noopener\">le vino a la cabeza la idea de organizar una aqu\u00ed<\/a>, en su pueblo, como \u00e9l dice.<\/p>\n\n\n\n<p class=\"wp-block-paragraph\">Pero no nos vamos a remontar tanto. Dej\u00e9moslo en junio, que est\u00e1 m\u00e1s cerca.<\/p>\n\n\n\n<p class=\"wp-block-paragraph\">\u00bfHa sido el parto de la burra? <strong>M\u00e1s bien como una bod<\/strong>a. Todo el mundo te dice que lo disfrutes, que se pasa muy r\u00e1pido, y t\u00fa est\u00e1s entrando en barrena porque ya llevas meses trabajando y a esto no se le ve el final.<\/p>\n\n\n\n<p class=\"wp-block-paragraph\">As\u00ed fueron las <strong>\u00faltimas semanas pre-WordCamp. Duras, intensas, y llenas de nervios<\/strong>. Pero ha merecido la pena para vivir despu\u00e9s las dos jornadas que se vivieron en Gri\u00f1\u00f3n el 18 y 19 de noviembre.<\/p>\n\n\n\n<p class=\"wp-block-paragraph\">Por suerte, organizar una WordCamp puede ser duro, pero <strong>nunca es una mala idea si cuentas con un equipo<\/strong> como el que hemos tenido para la ocasi\u00f3n:<\/p>\n\n\n\n<ul class=\"wp-block-list\">\n<li>Fernando L\u00f3pez<\/li>\n\n\n\n<li>David Plaza<\/li>\n\n\n\n<li>Santiago Becerra<\/li>\n\n\n\n<li>\u00c1ngel Zinsel<\/li>\n\n\n\n<li>Mayl\u00e9n Garc\u00eda<\/li>\n\n\n\n<li>Claudia Marcano<\/li>\n\n\n\n<li>Ana M. Medina<\/li>\n\n\n\n<li>Y la que escribe, Nazaret Le\u00f3n<\/li>\n<\/ul>\n\n\n\n<p class=\"wp-block-paragraph\">\u00bfQu\u00e9 destacar de ellos? Pues todo: la ilusi\u00f3n, las ganas, la capacidad de asumir responsabilidades, agilidad, buen humor\u2026 podr\u00eda estar escribiendo piropos toda la tarde, pero mejor vamos al l\u00edo, que nos pueden dar las 10 y las 11 como a Sabina.<\/p>\n\n\n\n<p class=\"wp-block-paragraph\">Eso s\u00ed, no puedo acabar esta secci\u00f3n sin mencionar a todo el equipo de voluntarios. Estos 8 locos por WordPress no habr\u00edamos tenido nada que hacer sin esas personas maravillosas que vienen a darlo todo sin llevarse nada a cambio (m\u00e1s que su entrada y conseguir atender a alguna ponencia cuando tienen menos faena).<\/p>\n\n\n\n<p class=\"wp-block-paragraph\"><strong>Miguel Becerra, Flo Isai, Betancort Rodriguez, Andrea Caro, Marta Cort\u00e9s, Gustavo Galati, Carlota Galv\u00e1n, Isaac Garc\u00eda, Alberto Granados, Jose Luis Losada, Gema Mendoza, David Mota, <strong>Leandro Men\u00e9ndez,<\/strong><\/strong> <strong>M\u00f3nica P\u00e9rez, Irene Posadas, Fabricio Suarez, Nilo V\u00e9lez y Cristina Virtus<\/strong>.<\/p>\n\n\n\n<p class=\"wp-block-paragraph\"><strong>\u00a1Gracias por formar parte de esto!<\/strong><\/p>\n\n\n\n<figure class=\"wp-block-image aligncenter size-large\"><img loading=\"lazy\" decoding=\"async\" width=\"1024\" height=\"768\" src=\"https:\/\/grinon.wordcamp.org\/2022\/files\/2022\/12\/equipo-wcgrinon-2022-1024x768.jpeg\" alt=\"Fotograf\u00eda de equipo de WordCamp Gri\u00f1\u00f3n abraz\u00e1ndose para foto al finalizar la WordCamp en el escenario.\" class=\"wp-image-4804\" srcset=\"https:\/\/grinon.wordcamp.org\/2022\/files\/2022\/12\/equipo-wcgrinon-2022-1024x768.jpeg 1024w, https:\/\/grinon.wordcamp.org\/2022\/files\/2022\/12\/equipo-wcgrinon-2022-300x225.jpeg 300w, https:\/\/grinon.wordcamp.org\/2022\/files\/2022\/12\/equipo-wcgrinon-2022-768x576.jpeg 768w, https:\/\/grinon.wordcamp.org\/2022\/files\/2022\/12\/equipo-wcgrinon-2022-400x300.jpeg 400w, https:\/\/grinon.wordcamp.org\/2022\/files\/2022\/12\/equipo-wcgrinon-2022.jpeg 1280w\" sizes=\"auto, (max-width: 1024px) 100vw, 1024px\" \/><\/figure>\n\n\n\n<h2 class=\"wp-block-heading\" id=\"y-como-fue\">\u00bfY c\u00f3mo fue?<\/h2>\n\n\n\n<p class=\"wp-block-paragraph\">Te confieso que est\u00e1bamos nerviosos. Muy nerviosos.<\/p>\n\n\n\n<p class=\"wp-block-paragraph\">S\u00e9 que hablo por todos y no me equivoco. <strong>Est\u00e1bamos pariendo nuestra primera WordCamp<\/strong>. As\u00ed que te puedes imaginar la obsesi\u00f3n que ten\u00edamos porque todo saliera perfecto\u2026&nbsp;<\/p>\n\n\n\n<p class=\"wp-block-paragraph\">Trabajamos a destajo. Antes, durante y despu\u00e9s (s\u00ed, despu\u00e9s tambi\u00e9n, aunque ha sido un destajo m\u00e1s tranquilito). Desde la cadena de producci\u00f3n para embolsar los kit de bienvenida hasta recoger todos los equipos en tiempo r\u00e9cord el s\u00e1bado por la noche. \u00a1A ver qui\u00e9n era el guapo o la guapa que se dorm\u00eda en los laureles y se perd\u00eda la After Party!<\/p>\n\n\n\n<p class=\"wp-block-paragraph\">Por cierto, <strong>hablando del Kit de Bienvenida<\/strong>, me ha dicho un pajarito que ha dado mucho de qu\u00e9 hablar en esta WordCamp\u2026 sobre todo los huertos. \u00bfYa has plantado el tuyo?<\/p>\n\n\n\n<p class=\"wp-block-paragraph\">Igual a\u00fan no es la \u00e9poca. Yo es que de escribir, s\u00ed, pero de plantar no entiendo mucho y no me he puesto a documentarme.<\/p>\n\n\n\n<p class=\"wp-block-paragraph\">Quiz\u00e1 por aquello de que las coliflores nos hicieron enlazar con la comida y de que Fernando decidi\u00f3 <strong>que todos lleg\u00e1semos rodando a nuestras casas<\/strong>, hubo quien le dio un uso a los huertecitos cuanto menos, curioso.<\/p>\n\n\n\n<p class=\"wp-block-paragraph\">Una de las an\u00e9cdotas que quedar\u00e1n en los anales de las WordCamp para la posteridad.<\/p>\n\n\n\n<p class=\"wp-block-paragraph\">Porque aunque sea mi primera WordCamp, tengo entendido que las an\u00e9cdotas son imprescindibles.<\/p>\n\n\n\n<p class=\"wp-block-paragraph\">En cualquier caso, creo que conseguimos lo m\u00e1s importante:&nbsp;<\/p>\n\n\n\n<ul class=\"wp-block-list\">\n<li><strong>Compartir el conocimiento<\/strong>.<\/li>\n\n\n\n<li><strong>Llevar WordPress a los rincones m\u00e1s remotos<\/strong>.<\/li>\n\n\n\n<li><strong>Contribuir a que el comercio online ayude a emprendedores y comercios<\/strong> a tener negocios pr\u00f3speros.<\/li>\n\n\n\n<li>Y, sobre todo, <strong>disfrutar y hacer disfrutar a la gente<\/strong>.<\/li>\n\n\n\n<li><strong>Conectar a un mont\u00f3n de personas<\/strong> a las que les apasiona WordPress.<\/li>\n<\/ul>\n\n\n\n<p class=\"wp-block-paragraph\">Es un orgullo para cualquier organizador ver los abrazos, los reencuentros y los encuentros, las sonrisas y a todo el mundo pas\u00e1ndoselo bien.<\/p>\n\n\n\n<h2 class=\"wp-block-heading\" id=\"vamos-a-por-los-numeros\">Vamos a por los n\u00fameros<\/h2>\n\n\n\n<p class=\"wp-block-paragraph\">Porque otro cl\u00e1sico de cualquier evento es <strong>analizar c\u00f3mo ha salido todo<\/strong>.<\/p>\n\n\n\n<ul class=\"wp-block-list\">\n<li>180 entradas.<\/li>\n\n\n\n<li>26 ponencias.<\/li>\n\n\n\n<li>6 talleres.<\/li>\n\n\n\n<li>5 mesas redondas.<\/li>\n\n\n\n<li>Una charla de apertura y otra de cierre.<\/li>\n\n\n\n<li>6 patrocinadores Globales.<\/li>\n\n\n\n<li>1 patrocinador After Party.<\/li>\n\n\n\n<li>4 patrocinadores Oro.<\/li>\n\n\n\n<li>5 patrocinadores Plata.<\/li>\n\n\n\n<li>1 patrocinador Colaborador.<\/li>\n\n\n\n<li>1 patrocinador Local.<\/li>\n\n\n\n<li>8 patrocinadores en especie.<\/li>\n\n\n\n<li>3 horas de podcast en directo.<\/li>\n\n\n\n<li>Y un fiest\u00f3n.<\/li>\n<\/ul>\n\n\n\n<p class=\"wp-block-paragraph\">Puede que haya gente a la que esto no le parezca mucho, pero teniendo en cuenta que ha sido <strong>la WordCamp celebrada en el lugar m\u00e1s peque\u00f1o hasta ahora en Espa\u00f1a<\/strong>\u2026 para organizar todo eso hay que ser un verdadero crack del Tetris.<\/p>\n\n\n\n<p class=\"wp-block-paragraph\">As\u00ed que solo puedo dar las gracias a mis compa\u00f1eros por el trabajazo que han hecho para que todo saliera a pedir de boca.<\/p>\n\n\n\n<p class=\"wp-block-paragraph\">Por supuesto, no me olvido del <strong>Excelent\u00edsimo Ayuntamiento de Gri\u00f1\u00f3n<\/strong>, que ha estado al pie del ca\u00f1\u00f3n para ponernos las cosas lo m\u00e1s f\u00e1ciles posibles desde el primer d\u00eda. \u00a1La \u00fanica WordCamp en la que la administraci\u00f3n se ha mojado tanto que nos ha puesto un medio de transporte solo para nosotros!<\/p>\n\n\n\n<p class=\"wp-block-paragraph\">Y no nos podemos ir sin hacer menci\u00f3n especial <strong>al personal del Centro Cultural y del Teatro Municipal de Gri\u00f1\u00f3n<\/strong>. Gracias por tenerlo todo listo a nuestra llegada, por cuidar tan bien de los espacios que nos dieron cobijo, por abrirnos las puertas y los brazos\u2026 vuestro trabajo ha hecho que todo brille como Gri\u00f1\u00f3n y la Comunidad WordPress se merecen.<\/p>\n\n\n\n<figure class=\"wp-block-image size-large is-resized\"><img loading=\"lazy\" decoding=\"async\" src=\"https:\/\/grinon.wordcamp.org\/2022\/files\/2022\/12\/wordcamp-grinon-2022-teatro-1024x683.jpg\" alt=\"Fotograf\u00eda de personas sentadas en el Teatro Municipal de Gri\u00f1\u00f3n durante la WordCamp Gri\u00f1\u00f3n 2022 atendiendo a lo que cuentan las personas en el escenario\" class=\"wp-image-4805\" width=\"768\" height=\"512\" srcset=\"https:\/\/grinon.wordcamp.org\/2022\/files\/2022\/12\/wordcamp-grinon-2022-teatro-1024x683.jpg 1024w, https:\/\/grinon.wordcamp.org\/2022\/files\/2022\/12\/wordcamp-grinon-2022-teatro-300x200.jpg 300w, https:\/\/grinon.wordcamp.org\/2022\/files\/2022\/12\/wordcamp-grinon-2022-teatro-768x512.jpg 768w, https:\/\/grinon.wordcamp.org\/2022\/files\/2022\/12\/wordcamp-grinon-2022-teatro-450x300.jpg 450w, https:\/\/grinon.wordcamp.org\/2022\/files\/2022\/12\/wordcamp-grinon-2022-teatro-1536x1024.jpg 1536w, https:\/\/grinon.wordcamp.org\/2022\/files\/2022\/12\/wordcamp-grinon-2022-teatro-2048x1365.jpg 2048w\" sizes=\"auto, (max-width: 768px) 100vw, 768px\" \/><\/figure>\n\n\n\n<h3 class=\"wp-block-heading\" id=\"que-decir-de-los-patrocinadores-y-de-sus-sorpresas\">Qu\u00e9 decir de los patrocinadores\u2026 y de sus sorpresas<\/h3>\n\n\n\n<p class=\"wp-block-paragraph\"><strong>Bluehost, Jetpack, Nexcess, Weglot, WordPress.com y WooCommerce<\/strong>, que hacen siempre posible que estos eventos sigan adelante.<\/p>\n\n\n\n<p class=\"wp-block-paragraph\"><strong>Raiola Networks<\/strong>, sin los cuales la After Party dif\u00edcilmente habr\u00eda sido lo mismo (o directamente, no habr\u00eda sido).<\/p>\n\n\n\n<p class=\"wp-block-paragraph\"><strong>Elementor, SiteGround, Yith, LucusHost, Piensa Solutions, Doofinder, Yoast, Arsys y Sered<\/strong>. Gracias por venir, por acompa\u00f1arnos, apoyarnos, ayudarnos y por llenar las bolsas de los asistentes de peque\u00f1as maravillas.<\/p>\n\n\n\n<p class=\"wp-block-paragraph\"><strong>Pambly<\/strong>, por su colaboraci\u00f3n.<\/p>\n\n\n\n<p class=\"wp-block-paragraph\"><strong>Gr\u00e1ficas La Paz<\/strong> por poner sus imprentas a nuestra disposici\u00f3n.<\/p>\n\n\n\n<p class=\"wp-block-paragraph\">Y a <strong>Todo por un podcast, Stickermule, Desaf\u00edo Digital, Sabandijers, CursosPodcast.com, Marketing 4 ecommerce, Parlanchines y Metricool<\/strong> por poner en nuestras manos los materiales que necesit\u00e1bamos para que la WordCamp Gri\u00f1\u00f3n 2022 haya sido un evento tan grande y fant\u00e1stico.<\/p>\n\n\n<div class=\"wp-block-template-part\">\n<h3 class=\"wp-block-heading\">Con el apoyo y la colaboraci\u00f3n del<\/h3>\n\n\n\n<figure class=\"wp-block-image aligncenter size-medium is-resized\"><a href=\"https:\/\/www.grinon.es\/\"><img loading=\"lazy\" decoding=\"async\" src=\"https:\/\/grinon.wordcamp.org\/2022\/files\/2022\/09\/logo-ayuntamiento-grinon-2022-3-300x113.jpg\" alt=\"Ayuntamiento de Gri\u00f1\u00f3n\" class=\"wp-image-2351\" width=\"300\" height=\"113\" srcset=\"https:\/\/grinon.wordcamp.org\/2022\/files\/2022\/09\/logo-ayuntamiento-grinon-2022-3-300x113.jpg 300w, https:\/\/grinon.wordcamp.org\/2022\/files\/2022\/09\/logo-ayuntamiento-grinon-2022-3-768x288.jpg 768w, https:\/\/grinon.wordcamp.org\/2022\/files\/2022\/09\/logo-ayuntamiento-grinon-2022-3-500x188.jpg 500w, https:\/\/grinon.wordcamp.org\/2022\/files\/2022\/09\/logo-ayuntamiento-grinon-2022-3.jpg 800w\" sizes=\"auto, (max-width: 300px) 100vw, 300px\" \/><\/a><figcaption class=\"wp-element-caption\">Ayuntamiento de Gri\u00f1\u00f3n<\/figcaption><\/figure>\n\n\n\n<h2 class=\"has-text-align-left wp-block-heading\">Globales<\/h2>\n\n\n\n<div class=\"wp-block-columns is-layout-flex wp-container-core-columns-is-layout-f56f613f wp-block-columns-is-layout-flex\">\n<div class=\"wp-block-column is-layout-flow wp-block-column-is-layout-flow\">\n<figure class=\"wp-block-image aligncenter size-full is-resized\"><a href=\"https:\/\/grinon.wordcamp.org\/2022\/patrocinadores\/bluehost\/\"><img loading=\"lazy\" decoding=\"async\" src=\"https:\/\/grinon.wordcamp.org\/2022\/files\/2022\/08\/pt-global-bluehost.jpg\" alt=\"\" class=\"wp-image-1901\" width=\"528\" height=\"198\" srcset=\"https:\/\/grinon.wordcamp.org\/2022\/files\/2022\/08\/pt-global-bluehost.jpg 800w, https:\/\/grinon.wordcamp.org\/2022\/files\/2022\/08\/pt-global-bluehost-300x113.jpg 300w, https:\/\/grinon.wordcamp.org\/2022\/files\/2022\/08\/pt-global-bluehost-768x288.jpg 768w, https:\/\/grinon.wordcamp.org\/2022\/files\/2022\/08\/pt-global-bluehost-500x188.jpg 500w\" sizes=\"auto, (max-width: 528px) 100vw, 528px\" \/><\/a><\/figure>\n\n\n\n<figure class=\"wp-block-image aligncenter size-full is-resized\"><a href=\"https:\/\/grinon.wordcamp.org\/2022\/patrocinadores\/weglot\/\"><img loading=\"lazy\" decoding=\"async\" src=\"https:\/\/grinon.wordcamp.org\/2022\/files\/2022\/08\/pt-global-weglot.jpg\" alt=\"\" class=\"wp-image-1903\" width=\"528\" height=\"198\" srcset=\"https:\/\/grinon.wordcamp.org\/2022\/files\/2022\/08\/pt-global-weglot.jpg 800w, https:\/\/grinon.wordcamp.org\/2022\/files\/2022\/08\/pt-global-weglot-300x113.jpg 300w, https:\/\/grinon.wordcamp.org\/2022\/files\/2022\/08\/pt-global-weglot-768x288.jpg 768w, https:\/\/grinon.wordcamp.org\/2022\/files\/2022\/08\/pt-global-weglot-500x188.jpg 500w\" sizes=\"auto, (max-width: 528px) 100vw, 528px\" \/><\/a><\/figure>\n<\/div>\n\n\n\n<div class=\"wp-block-column is-layout-flow wp-block-column-is-layout-flow\">\n<figure class=\"wp-block-image aligncenter size-full is-resized\"><a href=\"https:\/\/grinon.wordcamp.org\/2022\/patrocinadores\/jetpack\/\"><img loading=\"lazy\" decoding=\"async\" src=\"https:\/\/grinon.wordcamp.org\/2022\/files\/2022\/08\/jetpack.jpg\" alt=\"\" class=\"wp-image-1900\" width=\"528\" height=\"198\" srcset=\"https:\/\/grinon.wordcamp.org\/2022\/files\/2022\/08\/jetpack.jpg 800w, https:\/\/grinon.wordcamp.org\/2022\/files\/2022\/08\/jetpack-300x113.jpg 300w, https:\/\/grinon.wordcamp.org\/2022\/files\/2022\/08\/jetpack-768x288.jpg 768w, https:\/\/grinon.wordcamp.org\/2022\/files\/2022\/08\/jetpack-500x188.jpg 500w\" sizes=\"auto, (max-width: 528px) 100vw, 528px\" \/><\/a><\/figure>\n\n\n\n<figure class=\"wp-block-image aligncenter size-full is-resized\"><a href=\"https:\/\/grinon.wordcamp.org\/2022\/patrocinadores\/wordpress-com\/\"><img loading=\"lazy\" decoding=\"async\" src=\"https:\/\/grinon.wordcamp.org\/2022\/files\/2022\/11\/wordpress-com-3.png\" alt=\"\" class=\"wp-image-4739\" width=\"528\" height=\"198\" srcset=\"https:\/\/grinon.wordcamp.org\/2022\/files\/2022\/11\/wordpress-com-3.png 800w, https:\/\/grinon.wordcamp.org\/2022\/files\/2022\/11\/wordpress-com-3-300x113.png 300w, https:\/\/grinon.wordcamp.org\/2022\/files\/2022\/11\/wordpress-com-3-768x288.png 768w, https:\/\/grinon.wordcamp.org\/2022\/files\/2022\/11\/wordpress-com-3-500x188.png 500w\" sizes=\"auto, (max-width: 528px) 100vw, 528px\" \/><\/a><\/figure>\n<\/div>\n\n\n\n<div class=\"wp-block-column is-layout-flow wp-block-column-is-layout-flow\">\n<figure class=\"wp-block-image aligncenter size-full is-resized\"><a href=\"https:\/\/grinon.wordcamp.org\/2022\/patrocinadores\/nexcess\/\"><img loading=\"lazy\" decoding=\"async\" src=\"https:\/\/grinon.wordcamp.org\/2022\/files\/2022\/08\/pt-global-nexcess.jpg\" alt=\"\" class=\"wp-image-1902\" width=\"528\" height=\"198\" srcset=\"https:\/\/grinon.wordcamp.org\/2022\/files\/2022\/08\/pt-global-nexcess.jpg 800w, https:\/\/grinon.wordcamp.org\/2022\/files\/2022\/08\/pt-global-nexcess-300x113.jpg 300w, https:\/\/grinon.wordcamp.org\/2022\/files\/2022\/08\/pt-global-nexcess-768x288.jpg 768w, https:\/\/grinon.wordcamp.org\/2022\/files\/2022\/08\/pt-global-nexcess-500x188.jpg 500w\" sizes=\"auto, (max-width: 528px) 100vw, 528px\" \/><\/a><\/figure>\n\n\n\n<figure class=\"wp-block-image aligncenter size-full is-resized\"><a href=\"https:\/\/grinon.wordcamp.org\/2022\/patrocinadores\/woocommerce\/\"><img loading=\"lazy\" decoding=\"async\" src=\"https:\/\/grinon.wordcamp.org\/2022\/files\/2022\/08\/pt-global-woocommerce.jpg\" alt=\"\" class=\"wp-image-1904\" width=\"528\" height=\"198\" srcset=\"https:\/\/grinon.wordcamp.org\/2022\/files\/2022\/08\/pt-global-woocommerce.jpg 800w, https:\/\/grinon.wordcamp.org\/2022\/files\/2022\/08\/pt-global-woocommerce-300x113.jpg 300w, https:\/\/grinon.wordcamp.org\/2022\/files\/2022\/08\/pt-global-woocommerce-768x288.jpg 768w, https:\/\/grinon.wordcamp.org\/2022\/files\/2022\/08\/pt-global-woocommerce-500x188.jpg 500w\" sizes=\"auto, (max-width: 528px) 100vw, 528px\" \/><\/a><\/figure>\n<\/div>\n<\/div>\n\n\n\n<h2 class=\"has-text-align-left wp-block-heading\">After Party<\/h2>\n\n\n\n<div class=\"wp-block-columns is-layout-flex wp-container-core-columns-is-layout-f56f613f wp-block-columns-is-layout-flex\">\n<div class=\"wp-block-column is-layout-flow wp-block-column-is-layout-flow\">\n<figure class=\"wp-block-image aligncenter size-full\"><a href=\"https:\/\/grinon.wordcamp.org\/2022\/patrocinadores\/raiola-networks\/\"><img loading=\"lazy\" decoding=\"async\" width=\"800\" height=\"300\" src=\"https:\/\/grinon.wordcamp.org\/2022\/files\/2022\/10\/Raiola-new.png\" alt=\"\" class=\"wp-image-4040\" srcset=\"https:\/\/grinon.wordcamp.org\/2022\/files\/2022\/10\/Raiola-new.png 800w, https:\/\/grinon.wordcamp.org\/2022\/files\/2022\/10\/Raiola-new-300x113.png 300w, https:\/\/grinon.wordcamp.org\/2022\/files\/2022\/10\/Raiola-new-768x288.png 768w, https:\/\/grinon.wordcamp.org\/2022\/files\/2022\/10\/Raiola-new-500x188.png 500w\" sizes=\"auto, (max-width: 800px) 100vw, 800px\" \/><\/a><\/figure>\n<\/div>\n<\/div>\n\n\n\n<h2 class=\"has-text-align-left wp-block-heading\">Oro<\/h2>\n\n\n\n<div class=\"wp-block-columns is-layout-flex wp-container-core-columns-is-layout-f56f613f wp-block-columns-is-layout-flex\">\n<div class=\"wp-block-column is-layout-flow wp-block-column-is-layout-flow\">\n<figure class=\"wp-block-image aligncenter size-full\"><a href=\"https:\/\/grinon.wordcamp.org\/2022\/patrocinadores\/elementor\/\"><img loading=\"lazy\" decoding=\"async\" width=\"800\" height=\"300\" src=\"https:\/\/grinon.wordcamp.org\/2022\/files\/2022\/10\/elementor-logo.png\" alt=\"\" class=\"wp-image-3408\" srcset=\"https:\/\/grinon.wordcamp.org\/2022\/files\/2022\/10\/elementor-logo.png 800w, https:\/\/grinon.wordcamp.org\/2022\/files\/2022\/10\/elementor-logo-300x113.png 300w, https:\/\/grinon.wordcamp.org\/2022\/files\/2022\/10\/elementor-logo-768x288.png 768w, https:\/\/grinon.wordcamp.org\/2022\/files\/2022\/10\/elementor-logo-500x188.png 500w\" sizes=\"auto, (max-width: 800px) 100vw, 800px\" \/><\/a><\/figure>\n\n\n\n<figure class=\"wp-block-image aligncenter size-full\"><a href=\"https:\/\/grinon.wordcamp.org\/2022\/patrocinadores\/yith\/\"><img loading=\"lazy\" decoding=\"async\" width=\"800\" height=\"300\" src=\"https:\/\/grinon.wordcamp.org\/2022\/files\/2022\/10\/yith.jpg\" alt=\"\" class=\"wp-image-3251\" srcset=\"https:\/\/grinon.wordcamp.org\/2022\/files\/2022\/10\/yith.jpg 800w, https:\/\/grinon.wordcamp.org\/2022\/files\/2022\/10\/yith-300x113.jpg 300w, https:\/\/grinon.wordcamp.org\/2022\/files\/2022\/10\/yith-768x288.jpg 768w, https:\/\/grinon.wordcamp.org\/2022\/files\/2022\/10\/yith-500x188.jpg 500w\" sizes=\"auto, (max-width: 800px) 100vw, 800px\" \/><\/a><\/figure>\n<\/div>\n\n\n\n<div class=\"wp-block-column is-layout-flow wp-block-column-is-layout-flow\">\n<figure class=\"wp-block-image aligncenter size-full\"><a href=\"https:\/\/grinon.wordcamp.org\/2022\/patrocinadores\/siteground\/\"><img loading=\"lazy\" decoding=\"async\" width=\"800\" height=\"300\" src=\"https:\/\/grinon.wordcamp.org\/2022\/files\/2022\/10\/siteground-logo.png\" alt=\"\" class=\"wp-image-3407\" srcset=\"https:\/\/grinon.wordcamp.org\/2022\/files\/2022\/10\/siteground-logo.png 800w, https:\/\/grinon.wordcamp.org\/2022\/files\/2022\/10\/siteground-logo-300x113.png 300w, https:\/\/grinon.wordcamp.org\/2022\/files\/2022\/10\/siteground-logo-768x288.png 768w, https:\/\/grinon.wordcamp.org\/2022\/files\/2022\/10\/siteground-logo-500x188.png 500w\" sizes=\"auto, (max-width: 800px) 100vw, 800px\" \/><\/a><\/figure>\n\n\n\n<figure class=\"wp-block-image aligncenter size-full\"><a href=\"https:\/\/grinon.wordcamp.org\/2022\/patrocinadores\/lucushost\/\"><img loading=\"lazy\" decoding=\"async\" width=\"800\" height=\"300\" src=\"https:\/\/grinon.wordcamp.org\/2022\/files\/2022\/10\/lucushost-logo.png\" alt=\"\" class=\"wp-image-3416\" srcset=\"https:\/\/grinon.wordcamp.org\/2022\/files\/2022\/10\/lucushost-logo.png 800w, https:\/\/grinon.wordcamp.org\/2022\/files\/2022\/10\/lucushost-logo-300x113.png 300w, https:\/\/grinon.wordcamp.org\/2022\/files\/2022\/10\/lucushost-logo-768x288.png 768w, https:\/\/grinon.wordcamp.org\/2022\/files\/2022\/10\/lucushost-logo-500x188.png 500w\" sizes=\"auto, (max-width: 800px) 100vw, 800px\" \/><\/a><\/figure>\n<\/div>\n<\/div>\n\n\n\n<h2 class=\"has-text-align-left wp-block-heading\">Plata<\/h2>\n\n\n\n<div class=\"wp-block-columns is-layout-flex wp-container-core-columns-is-layout-f56f613f wp-block-columns-is-layout-flex\">\n<div class=\"wp-block-column is-layout-flow wp-block-column-is-layout-flow\">\n<figure class=\"wp-block-image aligncenter size-medium\"><a href=\"https:\/\/grinon.wordcamp.org\/2022\/patrocinadores\/piensasolutions\/\"><img loading=\"lazy\" decoding=\"async\" width=\"300\" height=\"113\" src=\"https:\/\/grinon.wordcamp.org\/2022\/files\/2022\/10\/piensa-solutions-300x113.jpg\" alt=\"\" class=\"wp-image-3247\" srcset=\"https:\/\/grinon.wordcamp.org\/2022\/files\/2022\/10\/piensa-solutions-300x113.jpg 300w, https:\/\/grinon.wordcamp.org\/2022\/files\/2022\/10\/piensa-solutions-768x288.jpg 768w, https:\/\/grinon.wordcamp.org\/2022\/files\/2022\/10\/piensa-solutions-500x188.jpg 500w, https:\/\/grinon.wordcamp.org\/2022\/files\/2022\/10\/piensa-solutions.jpg 800w\" sizes=\"auto, (max-width: 300px) 100vw, 300px\" \/><\/a><\/figure>\n\n\n\n<figure class=\"wp-block-image aligncenter size-medium\"><a href=\"https:\/\/grinon.wordcamp.org\/2022\/patrocinadores\/yoast\/\"><img loading=\"lazy\" decoding=\"async\" width=\"300\" height=\"113\" src=\"https:\/\/grinon.wordcamp.org\/2022\/files\/2022\/10\/yoast-logo-1-300x113.png\" alt=\"\" class=\"wp-image-3428\" srcset=\"https:\/\/grinon.wordcamp.org\/2022\/files\/2022\/10\/yoast-logo-1-300x113.png 300w, https:\/\/grinon.wordcamp.org\/2022\/files\/2022\/10\/yoast-logo-1-768x288.png 768w, https:\/\/grinon.wordcamp.org\/2022\/files\/2022\/10\/yoast-logo-1-500x188.png 500w, https:\/\/grinon.wordcamp.org\/2022\/files\/2022\/10\/yoast-logo-1.png 800w\" sizes=\"auto, (max-width: 300px) 100vw, 300px\" \/><\/a><\/figure>\n\n\n\n<figure class=\"wp-block-image aligncenter size-medium\"><a href=\"https:\/\/grinon.wordcamp.org\/2022\/patrocinadores\/sered\/\"><img loading=\"lazy\" decoding=\"async\" width=\"300\" height=\"113\" src=\"https:\/\/grinon.wordcamp.org\/2022\/files\/2022\/10\/sered-logo-1-300x113.png\" alt=\"\" class=\"wp-image-3409\" srcset=\"https:\/\/grinon.wordcamp.org\/2022\/files\/2022\/10\/sered-logo-1-300x113.png 300w, https:\/\/grinon.wordcamp.org\/2022\/files\/2022\/10\/sered-logo-1-768x288.png 768w, https:\/\/grinon.wordcamp.org\/2022\/files\/2022\/10\/sered-logo-1-500x188.png 500w, https:\/\/grinon.wordcamp.org\/2022\/files\/2022\/10\/sered-logo-1.png 800w\" sizes=\"auto, (max-width: 300px) 100vw, 300px\" \/><\/a><\/figure>\n<\/div>\n\n\n\n<div class=\"wp-block-column is-layout-flow wp-block-column-is-layout-flow\">\n<figure class=\"wp-block-image aligncenter size-medium\"><a href=\"https:\/\/grinon.wordcamp.org\/2022\/patrocinadores\/doofinder\/\"><img loading=\"lazy\" decoding=\"async\" width=\"300\" height=\"113\" src=\"https:\/\/grinon.wordcamp.org\/2022\/files\/2022\/10\/doofinder-300x113.jpg\" alt=\"\" class=\"wp-image-3244\" srcset=\"https:\/\/grinon.wordcamp.org\/2022\/files\/2022\/10\/doofinder-300x113.jpg 300w, https:\/\/grinon.wordcamp.org\/2022\/files\/2022\/10\/doofinder-768x288.jpg 768w, https:\/\/grinon.wordcamp.org\/2022\/files\/2022\/10\/doofinder-500x188.jpg 500w, https:\/\/grinon.wordcamp.org\/2022\/files\/2022\/10\/doofinder.jpg 800w\" sizes=\"auto, (max-width: 300px) 100vw, 300px\" \/><\/a><\/figure>\n\n\n\n<figure class=\"wp-block-image aligncenter size-medium\"><a href=\"https:\/\/grinon.wordcamp.org\/2022\/patrocinadores\/arsys\/\"><img loading=\"lazy\" decoding=\"async\" width=\"300\" height=\"113\" src=\"https:\/\/grinon.wordcamp.org\/2022\/files\/2022\/10\/arsys-logo-1-300x113.png\" alt=\"\" class=\"wp-image-3430\" srcset=\"https:\/\/grinon.wordcamp.org\/2022\/files\/2022\/10\/arsys-logo-1-300x113.png 300w, https:\/\/grinon.wordcamp.org\/2022\/files\/2022\/10\/arsys-logo-1-768x288.png 768w, https:\/\/grinon.wordcamp.org\/2022\/files\/2022\/10\/arsys-logo-1-500x188.png 500w, https:\/\/grinon.wordcamp.org\/2022\/files\/2022\/10\/arsys-logo-1.png 800w\" sizes=\"auto, (max-width: 300px) 100vw, 300px\" \/><\/a><\/figure>\n<\/div>\n<\/div>\n\n\n\n<h2 class=\"has-text-align-left wp-block-heading\">Colaborador<\/h2>\n\n\n\n<div class=\"wp-block-columns is-layout-flex wp-container-core-columns-is-layout-f56f613f wp-block-columns-is-layout-flex\">\n<div class=\"wp-block-column is-layout-flow wp-block-column-is-layout-flow\">\n<figure class=\"wp-block-image aligncenter size-medium is-resized\"><a href=\"https:\/\/grinon.wordcamp.org\/2022\/patrocinadores\/pambly-2\/\"><img loading=\"lazy\" decoding=\"async\" src=\"https:\/\/grinon.wordcamp.org\/2022\/files\/2022\/10\/pambly-300x113.png\" alt=\"\" class=\"wp-image-3307\" width=\"225\" height=\"85\" srcset=\"https:\/\/grinon.wordcamp.org\/2022\/files\/2022\/10\/pambly-300x113.png 300w, https:\/\/grinon.wordcamp.org\/2022\/files\/2022\/10\/pambly-768x288.png 768w, https:\/\/grinon.wordcamp.org\/2022\/files\/2022\/10\/pambly-500x188.png 500w, https:\/\/grinon.wordcamp.org\/2022\/files\/2022\/10\/pambly.png 800w\" sizes=\"auto, (max-width: 225px) 100vw, 225px\" \/><\/a><\/figure>\n<\/div>\n<\/div>\n\n\n\n<h2 class=\"has-text-align-left wp-block-heading\">Local<\/h2>\n\n\n\n<div class=\"wp-block-columns is-layout-flex wp-container-core-columns-is-layout-f56f613f wp-block-columns-is-layout-flex\">\n<div class=\"wp-block-column is-layout-flow wp-block-column-is-layout-flow\">\n<figure class=\"wp-block-image aligncenter size-full is-resized\"><a href=\"https:\/\/grinon.wordcamp.org\/2022\/patrocinadores\/graficas-la-paz\/\"><img loading=\"lazy\" decoding=\"async\" src=\"https:\/\/grinon.wordcamp.org\/2022\/files\/2022\/11\/GLP.png\" alt=\"\" class=\"wp-image-4383\" width=\"164\" height=\"117\" srcset=\"https:\/\/grinon.wordcamp.org\/2022\/files\/2022\/11\/GLP.png 593w, https:\/\/grinon.wordcamp.org\/2022\/files\/2022\/11\/GLP-300x213.png 300w, https:\/\/grinon.wordcamp.org\/2022\/files\/2022\/11\/GLP-423x300.png 423w\" sizes=\"auto, (max-width: 164px) 100vw, 164px\" \/><\/a><\/figure>\n<\/div>\n<\/div>\n\n\n\n<h2 class=\"wp-block-heading\">En especie<\/h2>\n\n\n\n<div class=\"wp-block-columns is-layout-flex wp-container-core-columns-is-layout-f56f613f wp-block-columns-is-layout-flex\">\n<div class=\"wp-block-column is-layout-flow wp-block-column-is-layout-flow\">\n<figure class=\"wp-block-image aligncenter size-medium is-resized\"><a href=\"https:\/\/grinon.wordcamp.org\/2022\/patrocinadores\/todo-por-un-podcast\/\"><img loading=\"lazy\" decoding=\"async\" src=\"https:\/\/grinon.wordcamp.org\/2022\/files\/2022\/09\/logo-todo-por-un-podcast-3-300x113.jpg\" alt=\"Todo por Un Podcast\" class=\"wp-image-2577\" width=\"225\" height=\"85\" srcset=\"https:\/\/grinon.wordcamp.org\/2022\/files\/2022\/09\/logo-todo-por-un-podcast-3-300x113.jpg 300w, https:\/\/grinon.wordcamp.org\/2022\/files\/2022\/09\/logo-todo-por-un-podcast-3-768x288.jpg 768w, https:\/\/grinon.wordcamp.org\/2022\/files\/2022\/09\/logo-todo-por-un-podcast-3-500x188.jpg 500w, https:\/\/grinon.wordcamp.org\/2022\/files\/2022\/09\/logo-todo-por-un-podcast-3.jpg 800w\" sizes=\"auto, (max-width: 225px) 100vw, 225px\" \/><\/a><\/figure>\n\n\n\n<figure class=\"wp-block-image aligncenter size-medium is-resized\"><a href=\"https:\/\/grinon.wordcamp.org\/2022\/patrocinadores\/sabandijers\/\"><img loading=\"lazy\" decoding=\"async\" src=\"https:\/\/grinon.wordcamp.org\/2022\/files\/2022\/10\/sabandijers-logo-300x113.png\" alt=\"\" class=\"wp-image-3448\" width=\"225\" height=\"85\" srcset=\"https:\/\/grinon.wordcamp.org\/2022\/files\/2022\/10\/sabandijers-logo-300x113.png 300w, https:\/\/grinon.wordcamp.org\/2022\/files\/2022\/10\/sabandijers-logo-768x288.png 768w, https:\/\/grinon.wordcamp.org\/2022\/files\/2022\/10\/sabandijers-logo-500x188.png 500w, https:\/\/grinon.wordcamp.org\/2022\/files\/2022\/10\/sabandijers-logo.png 800w\" sizes=\"auto, (max-width: 225px) 100vw, 225px\" \/><\/a><\/figure>\n\n\n\n<figure class=\"wp-block-image aligncenter size-medium is-resized\"><a href=\"https:\/\/grinon.wordcamp.org\/2022\/patrocinadores\/parlanchines\/\"><img loading=\"lazy\" decoding=\"async\" src=\"https:\/\/grinon.wordcamp.org\/2022\/files\/2022\/11\/Parlanchines-300x113.png\" alt=\"\" class=\"wp-image-4188\" width=\"225\" height=\"85\" srcset=\"https:\/\/grinon.wordcamp.org\/2022\/files\/2022\/11\/Parlanchines-300x113.png 300w, https:\/\/grinon.wordcamp.org\/2022\/files\/2022\/11\/Parlanchines-768x288.png 768w, https:\/\/grinon.wordcamp.org\/2022\/files\/2022\/11\/Parlanchines-500x188.png 500w, https:\/\/grinon.wordcamp.org\/2022\/files\/2022\/11\/Parlanchines.png 800w\" sizes=\"auto, (max-width: 225px) 100vw, 225px\" \/><\/a><\/figure>\n<\/div>\n\n\n\n<div class=\"wp-block-column is-layout-flow wp-block-column-is-layout-flow\">\n<figure class=\"wp-block-image aligncenter size-medium is-resized\"><a href=\"https:\/\/grinon.wordcamp.org\/2022\/patrocinadores\/sticker-mule\/\"><img loading=\"lazy\" decoding=\"async\" src=\"https:\/\/grinon.wordcamp.org\/2022\/files\/2022\/09\/02-sticker-mule-logo-light-300x102.png\" alt=\"sticker mule\" class=\"wp-image-2803\" width=\"225\" height=\"77\" srcset=\"https:\/\/grinon.wordcamp.org\/2022\/files\/2022\/09\/02-sticker-mule-logo-light-300x102.png 300w, https:\/\/grinon.wordcamp.org\/2022\/files\/2022\/09\/02-sticker-mule-logo-light-1024x349.png 1024w, https:\/\/grinon.wordcamp.org\/2022\/files\/2022\/09\/02-sticker-mule-logo-light-768x262.png 768w, https:\/\/grinon.wordcamp.org\/2022\/files\/2022\/09\/02-sticker-mule-logo-light-500x170.png 500w, https:\/\/grinon.wordcamp.org\/2022\/files\/2022\/09\/02-sticker-mule-logo-light.png 1320w\" sizes=\"auto, (max-width: 225px) 100vw, 225px\" \/><\/a><\/figure>\n\n\n\n<figure class=\"wp-block-image aligncenter size-medium is-resized\"><a href=\"https:\/\/grinon.wordcamp.org\/2022\/patrocinadores\/cursos-podcast\/\"><img loading=\"lazy\" decoding=\"async\" src=\"https:\/\/grinon.wordcamp.org\/2022\/files\/2022\/10\/cursos-podcast-1-300x113.png\" alt=\"Cursos Podcast\" class=\"wp-image-3819\" width=\"225\" height=\"85\" srcset=\"https:\/\/grinon.wordcamp.org\/2022\/files\/2022\/10\/cursos-podcast-1-300x113.png 300w, https:\/\/grinon.wordcamp.org\/2022\/files\/2022\/10\/cursos-podcast-1-768x288.png 768w, https:\/\/grinon.wordcamp.org\/2022\/files\/2022\/10\/cursos-podcast-1-500x188.png 500w, https:\/\/grinon.wordcamp.org\/2022\/files\/2022\/10\/cursos-podcast-1.png 800w\" sizes=\"auto, (max-width: 225px) 100vw, 225px\" \/><\/a><\/figure>\n\n\n\n<figure class=\"wp-block-image aligncenter size-medium is-resized\"><a href=\"https:\/\/grinon.wordcamp.org\/2022\/patrocinadores\/metricool\/\"><img loading=\"lazy\" decoding=\"async\" src=\"https:\/\/grinon.wordcamp.org\/2022\/files\/2022\/11\/logo-metricool-1-300x113.jpg\" alt=\"Metricool\" class=\"wp-image-4444\" width=\"225\" height=\"85\" srcset=\"https:\/\/grinon.wordcamp.org\/2022\/files\/2022\/11\/logo-metricool-1-300x113.jpg 300w, https:\/\/grinon.wordcamp.org\/2022\/files\/2022\/11\/logo-metricool-1-768x288.jpg 768w, https:\/\/grinon.wordcamp.org\/2022\/files\/2022\/11\/logo-metricool-1-500x188.jpg 500w, https:\/\/grinon.wordcamp.org\/2022\/files\/2022\/11\/logo-metricool-1.jpg 800w\" sizes=\"auto, (max-width: 225px) 100vw, 225px\" \/><\/a><\/figure>\n<\/div>\n\n\n\n<div class=\"wp-block-column is-layout-flow wp-block-column-is-layout-flow\">\n<figure class=\"wp-block-image aligncenter size-medium is-resized\"><a href=\"https:\/\/grinon.wordcamp.org\/2022\/patrocinadores\/desafio-digital\/\"><img loading=\"lazy\" decoding=\"async\" src=\"https:\/\/grinon.wordcamp.org\/2022\/files\/2022\/10\/desafio-digital-logo-300x113.png\" alt=\"\" class=\"wp-image-3423\" width=\"225\" height=\"85\" srcset=\"https:\/\/grinon.wordcamp.org\/2022\/files\/2022\/10\/desafio-digital-logo-300x113.png 300w, https:\/\/grinon.wordcamp.org\/2022\/files\/2022\/10\/desafio-digital-logo-768x288.png 768w, https:\/\/grinon.wordcamp.org\/2022\/files\/2022\/10\/desafio-digital-logo-500x188.png 500w, https:\/\/grinon.wordcamp.org\/2022\/files\/2022\/10\/desafio-digital-logo.png 800w\" sizes=\"auto, (max-width: 225px) 100vw, 225px\" \/><\/a><\/figure>\n\n\n\n<figure class=\"wp-block-image aligncenter size-medium is-resized\"><a href=\"https:\/\/grinon.wordcamp.org\/2022\/patrocinadores\/marketing-4-ecommerce\/\"><img loading=\"lazy\" decoding=\"async\" src=\"https:\/\/grinon.wordcamp.org\/2022\/files\/2022\/11\/marketing4-1-300x113.png\" alt=\"\" class=\"wp-image-4130\" width=\"225\" height=\"85\" srcset=\"https:\/\/grinon.wordcamp.org\/2022\/files\/2022\/11\/marketing4-1-300x113.png 300w, https:\/\/grinon.wordcamp.org\/2022\/files\/2022\/11\/marketing4-1-768x288.png 768w, https:\/\/grinon.wordcamp.org\/2022\/files\/2022\/11\/marketing4-1-500x188.png 500w, https:\/\/grinon.wordcamp.org\/2022\/files\/2022\/11\/marketing4-1.png 800w\" sizes=\"auto, (max-width: 225px) 100vw, 225px\" \/><\/a><\/figure>\n<\/div>\n<\/div>\n<\/div>\n\n\n<h3 class=\"wp-block-heading\" id=\"y-a-pesar-de-la-tension-conseguimos-nuestro-objetivo\">Y a pesar de la tensi\u00f3n, conseguimos nuestro objetivo<\/h3>\n\n\n\n<p class=\"wp-block-paragraph\">Porque s\u00ed, tambi\u00e9n ten\u00edamos un objetivo en cuanto a venta de entradas.<\/p>\n\n\n\n<p class=\"wp-block-paragraph\">Que esta fuera la primera vez que organiz\u00e1bamos una WordCamp, que fuera el primer gran evento tecnol\u00f3gico que se celebraba en Gri\u00f1\u00f3n nos ha hecho so\u00f1ar muy alto. Pero tambi\u00e9n da mucho v\u00e9rtigo.<\/p>\n\n\n\n<p class=\"wp-block-paragraph\">As\u00ed que decidimos ser algo conservadores en nuestro objetivo y nos decidimos por un n\u00famero ni muy alto ni muy bajo: 150 entradas.<\/p>\n\n\n\n<p class=\"wp-block-paragraph\">Y, como en todos los eventos y todas las WordCamp, en Gri\u00f1\u00f3n tambi\u00e9n hubo alg\u00fan momento de tensi\u00f3n. Porque\u2026 que levante la mano el que haya organizado un evento y no haya querido colgar el cartel de \u201cno hay billetes\u201d en la primera semana.<\/p>\n\n\n\n<p class=\"wp-block-paragraph\">Finalmente tuvimos que sacar m\u00e1s de esas 150 entradas a la venta y, aunque <strong>no llegamos a las 250 que habr\u00edan sido nuestro mejor sue\u00f1o, s\u00ed lo hicimos a las 180<\/strong>.<\/p>\n\n\n\n<p class=\"wp-block-paragraph\">Era la primera WordCamp que organiz\u00e1bamos, apostamos fuerte por una tem\u00e1tica muy concreta, fuera de Madrid capital y con tres WordCamp en el espacio de un mes y medio antes de la nuestra. \u00a1Lo conseguimos!<\/p>\n\n\n\n<h3 class=\"wp-block-heading\" id=\"wordcamp-grinon-2022-explosion-en-los-medios\">WordCamp Gri\u00f1\u00f3n 2022: Explosi\u00f3n en los medios<\/h3>\n\n\n\n<p class=\"wp-block-paragraph\">Si uno de los objetivos de\u00a0 toda WordCamp es que se hable de ella\u2026 en la <strong>WordCamp Gri\u00f1\u00f3n 2022 hemos ido a por todas<\/strong>.<\/p>\n\n\n\n<p class=\"wp-block-paragraph\">Y no me refiero solo a que, gracias a Claudia Marcano y Carlota Galv\u00e1n, <strong>por su lucha incansable<\/strong> nuestra voz se escuche en los rincones m\u00e1s remotos de las redes sociales.<\/p>\n\n\n\n<p class=\"wp-block-paragraph\">Gracias a su arte como Community Manager\u2026 \u00a1hemos estado a punto de ser Trending Topic en Twitter en Madrid!<\/p>\n\n\n\n<p class=\"wp-block-paragraph\">En este caso los n\u00fameros hablan por s\u00ed solos:&nbsp;<\/p>\n\n\n\n<ul class=\"wp-block-list\">\n<li>1422 Tweets.<\/li>\n\n\n\n<li>420 Fotos compartidas.<\/li>\n\n\n\n<li>108 participantes en conversaciones.<\/li>\n\n\n\n<li>M\u00e1s de 3 millones de cuentas alcanzadas.<\/li>\n<\/ul>\n\n\n\n<p class=\"wp-block-paragraph\">\u00a0No hay m\u00e1s preguntas, se\u00f1or\u00eda.<\/p>\n\n\n\n<figure class=\"wp-block-image size-large\"><img loading=\"lazy\" decoding=\"async\" width=\"1024\" height=\"640\" src=\"https:\/\/grinon.wordcamp.org\/2022\/files\/2022\/12\/twitter-metricool-wcgrinon-2022-1024x640.jpg\" alt=\"Ranking de los mejores participantes en Twitter durante la WordCamp Gri\u00f1\u00f3n 2022\" class=\"wp-image-4797\" srcset=\"https:\/\/grinon.wordcamp.org\/2022\/files\/2022\/12\/twitter-metricool-wcgrinon-2022-1024x640.jpg 1024w, https:\/\/grinon.wordcamp.org\/2022\/files\/2022\/12\/twitter-metricool-wcgrinon-2022-300x188.jpg 300w, https:\/\/grinon.wordcamp.org\/2022\/files\/2022\/12\/twitter-metricool-wcgrinon-2022-768x480.jpg 768w, https:\/\/grinon.wordcamp.org\/2022\/files\/2022\/12\/twitter-metricool-wcgrinon-2022-480x300.jpg 480w, https:\/\/grinon.wordcamp.org\/2022\/files\/2022\/12\/twitter-metricool-wcgrinon-2022.jpg 1161w\" sizes=\"auto, (max-width: 1024px) 100vw, 1024px\" \/><\/figure>\n\n\n\n<p class=\"wp-block-paragraph\">Adem\u00e1s, WordCamp Gri\u00f1\u00f3n ha llamado la atenci\u00f3n de medios locales, como Al cabo de la calle, de Gri\u00f1\u00f3n, de medios de tirada nacional, como 20 minutos y medios especializados en marketing y comercio electr\u00f3nico. Adem\u00e1s de las entrevistas de\u00a0Globo FM y WordPress Radio a Fernando L\u00f3pez y David Plaza.\u00a0<\/p>\n\n\n\n<p class=\"wp-block-paragraph\">Pero para llegar a todos los o\u00eddos posibles hemos contado, adem\u00e1s, con un equipo de excepci\u00f3n. Y es que <strong>sin <a href=\"https:\/\/twitter.com\/ajenoaltiempo\" target=\"_blank\" rel=\"noreferrer noopener\">Leo<\/a>, de Todo por un Podcast, no podr\u00edamos haber llenado las ondas de las principales plataformas de podcast<\/strong>.<\/p>\n\n\n\n<p class=\"wp-block-paragraph\">Hablando de podcast. No creas que nuestra serie ha terminado\u2026 a\u00fan te queda un cap\u00edtulo por escuchar. El m\u00e1s especial, porque est\u00e1 hecho con las voces de todos (o casi todos) los que han pasado por la WordCamp Gri\u00f1\u00f3n. Porque lo m\u00e1s importante de la WordCamp son las personas. Por eso <strong>tuvimos abiertas las puertas y los micr\u00f3fonos durante toda la jornada del s\u00e1bado<\/strong>.<\/p>\n\n\n\n<p class=\"wp-block-paragraph\">Todas las personas que quer\u00edan pod\u00edan entrar a la sala de podcast, sentarse a escuchar y ver c\u00f3mo se hace un podcast en directo o participar y contarnos su experiencia. \u00bfLo has escuchado ya? Seguro que no&#8230; porque a\u00fan lo estamos editando. En breve lo publicaremos.<\/p>\n\n\n\n<p class=\"wp-block-paragraph\">En este cap\u00edtulo, menci\u00f3n especial a Jorge Mar\u00edn Nieto, de <a rel=\"noreferrer noopener\" href=\"https:\/\/twitter.com\/eoveproductora\" target=\"_blank\">Eove Productora<\/a>, que nos mont\u00f3 un estudio de podcast digno de una gran emisora para que pudi\u00e9ramos sentirnos como estrellas de las ondas por un d\u00eda y crear el mejor episodio de podcast de la historia o casi.<\/p>\n\n\n\n<figure class=\"wp-block-image size-large is-resized\"><img loading=\"lazy\" decoding=\"async\" src=\"https:\/\/grinon.wordcamp.org\/2022\/files\/2022\/12\/grabando-en-wcgrinon-2022-1024x683.jpg\" alt=\"Fotograf\u00eda de la sala de podcast en WordCamp Gri\u00f1\u00f3n con Javier Casares, David Plaza y Jorge Mar\u00edn sentados a una mesa, con tres micr\u00f3fonos, grabando el podcast y con varios asistentes sentados escuchando.\" class=\"wp-image-4812\" width=\"768\" height=\"512\" srcset=\"https:\/\/grinon.wordcamp.org\/2022\/files\/2022\/12\/grabando-en-wcgrinon-2022-1024x683.jpg 1024w, https:\/\/grinon.wordcamp.org\/2022\/files\/2022\/12\/grabando-en-wcgrinon-2022-300x200.jpg 300w, https:\/\/grinon.wordcamp.org\/2022\/files\/2022\/12\/grabando-en-wcgrinon-2022-768x512.jpg 768w, https:\/\/grinon.wordcamp.org\/2022\/files\/2022\/12\/grabando-en-wcgrinon-2022-450x300.jpg 450w, https:\/\/grinon.wordcamp.org\/2022\/files\/2022\/12\/grabando-en-wcgrinon-2022-1536x1024.jpg 1536w, https:\/\/grinon.wordcamp.org\/2022\/files\/2022\/12\/grabando-en-wcgrinon-2022-2048x1365.jpg 2048w\" sizes=\"auto, (max-width: 768px) 100vw, 768px\" \/><\/figure>\n\n\n\n<h2 class=\"wp-block-heading\" id=\"una-wordcamp-solo-para-woocommerce\">\u00bfUna WordCamp solo para WooCommerce?<\/h2>\n\n\n\n<p class=\"wp-block-paragraph\">Quiz\u00e1 esta haya sido la apuesta m\u00e1s arriesgada que hemos hecho durante toda la organizaci\u00f3n de la WordCamp Gri\u00f1\u00f3n 2022.<\/p>\n\n\n\n<p class=\"wp-block-paragraph\">Y quiz\u00e1 haya algunas personas que no han terminado de verle el punto a organizar una WordCamp con un foco tan claro.&nbsp;<\/p>\n\n\n\n<p class=\"wp-block-paragraph\">Era arriesgado porque nunca llueve a gusto de todos y quiz\u00e1 haya habido personas que no han compartido nuestra visi\u00f3n tem\u00e1tica al 100%. No pasa nada, lo mejor de la Comunidad WordPress es que somos diversos. En capacidades, opiniones, gustos\u2026 y eso lo hace todo mejor.<\/p>\n\n\n\n<p class=\"wp-block-paragraph\"><strong>Equilibrar un programa de ponencias con estas caracter\u00edsticas y llegar a todos los niveles de conocimiento ha sido una tarea francamente compleja<\/strong>. As\u00ed que nuestras disculpas si en alg\u00fan momento nos hemos movido por la cuerda floja y nuestro homenaje a \u00c1ngel Zinsel por ser capaz de conseguir la cuadratura del c\u00edrculo y ayudarnos a configurar un panel digno de una WordCamp regional.<\/p>\n\n\n\n<p class=\"wp-block-paragraph\">Pero ten\u00edamos un objetivo muy claro con el programa de la WordCamp Gri\u00f1\u00f3n 2022: quer\u00edamos conseguir que <strong>el p\u00fablico general, los due\u00f1os de peque\u00f1os comercios o quienes est\u00e1n pensando lanzar su tienda online, tuvieran una visi\u00f3n general de c\u00f3mo WordPress y WooCommerce pueden ayudarles a conseguirlo<\/strong>.<\/p>\n\n\n\n<p class=\"wp-block-paragraph\">As\u00ed que nuestro m\u00e1s sincero agradecimiento a los <a rel=\"noreferrer noopener\" href=\"https:\/\/twitter.com\/WPGrinon\/status\/1595847852432957442?s=20&amp;t=yKrXiWIzI8AiO_6F5JPvYg\" target=\"_blank\">32 ponentes<\/a> que pusieron toda la carne en el asador para conseguir ese complejo y delicado equilibrio.<\/p>\n\n\n\n<h3 class=\"wp-block-heading\" id=\"y-esto-en-que-cadena-sale\">\u00bfY esto en qu\u00e9 cadena sale?<\/h3>\n\n\n\n<p class=\"wp-block-paragraph\">Conste que lo intentamos, pero lo que no conseguimos fue que las emisoras de televisi\u00f3n se acercaran a cubrir la WordCamp Gri\u00f1\u00f3n 2022. Qu\u00e9 se le va a hacer, se lo perdieron\u2026&nbsp;<\/p>\n\n\n\n<p class=\"wp-block-paragraph\">Pero que no \u201cpunda el c\u00e1nico\u201d, porque no quiere decir, ni remotamente, que todo lo que vivimos el 18 y 19 de noviembre se haya quedado solo en un bonito recuerdo.<\/p>\n\n\n\n<p class=\"wp-block-paragraph\">De eso se han encargado Julio de la Iglesia y Fernando Portome\u00f1e, de <a rel=\"noreferrer noopener\" href=\"https:\/\/grinon.wordcamp.org\/2022\/patrocinadores\/desafio-digital\/\" target=\"_blank\">Desaf\u00edo Digital<\/a>, y todo el equipo de voluntarios de WordPress tv.<\/p>\n\n\n\n<p class=\"wp-block-paragraph\">Ellos han sido los responsables de que hoy puedas entrar a <a rel=\"noreferrer noopener\" href=\"https:\/\/wordpress.tv\/event\/wordcamp-grinon-2022\/\" target=\"_blank\">WordPress.tv<\/a> y <strong>volver a repasar cada una de las ponencias (o verlas de primeras<\/strong>, si no pudiste venir o no tienes el donde la ubicuidad para estar en los dos tracks a la vez).<\/p>\n\n\n\n<p class=\"wp-block-paragraph\">No solo hemos contado con un equipo t\u00e9cnico de lujo, sino con unas personas excepcionales que han cuidado cada detalle como si fuera para ellos mismos. \u00a1Gracias!<\/p>\n\n\n\n<h2 class=\"wp-block-heading\" id=\"tanto-hablar-de-comida-y-casi-me-dejo-el-menu\">Tanto hablar de comida y casi me dejo el men\u00fa<\/h2>\n\n\n\n<p class=\"wp-block-paragraph\">Os lo dije y algunos no me creyeron: <strong>de la WordCamp Gri\u00f1\u00f3n nadie se va con hambre<\/strong>.\u00a0<\/p>\n\n\n\n<p class=\"wp-block-paragraph\">Y para que aquello no terminara siendo una exageraci\u00f3n del copywriting, Fernando decidi\u00f3 que todos volvi\u00e9ramos a casa rodando, o que estall\u00e1semos como las palomitas con las que nos sorprendi\u00f3 LucusHost. \u00a1Yummy yummy!<\/p>\n\n\n\n<p class=\"wp-block-paragraph\">Se agradece, Fernando, que la gasolina est\u00e1 muy cara, y el gasoil, m\u00e1s.&nbsp;<\/p>\n\n\n\n<p class=\"wp-block-paragraph\">Pero, cuidado, porque hubo momentos en los que muchos de los asistentes temimos por nuestra integridad f\u00edsica a causa de la cantidad de comida que nos metimos entre pecho y espalda.&nbsp;<\/p>\n\n\n\n<p class=\"wp-block-paragraph\">\u00a1Qu\u00e9 manera de sacar comida de las entretelas del Centro Cultural! \u00bfC\u00f3mo es posible que todo esto cupiera dentro del recinto?<\/p>\n\n\n\n<p class=\"wp-block-paragraph\">Churros, chocolate, callos, tortilla, oreja, paella, ensaladilla, carrilleras, caldereta, alb\u00f3ndigas, ensalada, fruta, zumos, t\u00e9, caf\u00e9, chucher\u00edas bizcochos, galletas\u2026 y eso sin contar la After Party. Como dir\u00eda alguno por Tik Tok\u2026 \u00a1que empape, que empape!<\/p>\n\n\n\n<figure class=\"wp-block-image size-large is-resized\"><img loading=\"lazy\" decoding=\"async\" src=\"https:\/\/grinon.wordcamp.org\/2022\/files\/2022\/12\/NIL07485-1024x683.jpg\" alt=\"Fotograf\u00eda del momento de la comida en WordCamp Gri\u00f1\u00f3n, gente comiendo y bebiendo.\" class=\"wp-image-4808\" width=\"768\" height=\"512\" srcset=\"https:\/\/grinon.wordcamp.org\/2022\/files\/2022\/12\/NIL07485-1024x683.jpg 1024w, https:\/\/grinon.wordcamp.org\/2022\/files\/2022\/12\/NIL07485-300x200.jpg 300w, https:\/\/grinon.wordcamp.org\/2022\/files\/2022\/12\/NIL07485-768x512.jpg 768w, https:\/\/grinon.wordcamp.org\/2022\/files\/2022\/12\/NIL07485-450x300.jpg 450w, https:\/\/grinon.wordcamp.org\/2022\/files\/2022\/12\/NIL07485-1536x1024.jpg 1536w, https:\/\/grinon.wordcamp.org\/2022\/files\/2022\/12\/NIL07485-2048x1365.jpg 2048w\" sizes=\"auto, (max-width: 768px) 100vw, 768px\" \/><\/figure>\n\n\n\n<p class=\"wp-block-paragraph\">Mucho me temo haber dejado Merca Madrid sin existencias, as\u00ed que por el currazo, la calidad y el amor que le pusieron a alimentarnos hasta caer rendidos, gracias a Fernando L\u00f3pez y al catering Hermanos Moreno, que nos surti\u00f3 de tama\u00f1os manjares.<\/p>\n\n\n\n<p class=\"wp-block-paragraph\">Y no acaba ah\u00ed la cosa, porque <strong>la cena de ponentes, voluntarios y patrocinadores fue\u2026 pantagru\u00e9lica<\/strong>. Ya no me quedan adjetivos para expresar lo que se comi\u00f3 en la WordCamp Gri\u00f1\u00f3n 2022.\u00a0<\/p>\n\n\n\n<p class=\"wp-block-paragraph\">Gracias tambi\u00e9n al Mes\u00f3n de Gri\u00f1\u00f3n por prepararnos una cena tan completa con tanto cari\u00f1o. \u00a1Como para una boda!<\/p>\n\n\n\n<p class=\"wp-block-paragraph\">No hubo pizza, cierto, pero tampoco habr\u00edamos podido acabar con ella.<\/p>\n\n\n\n<h2 class=\"wp-block-heading\" id=\"que-vivan-las-coliflores\">Que vivan las coliflores<\/h2>\n\n\n\n<p class=\"wp-block-paragraph\">En toda esta historia no pod\u00edamos dejar fuera un elemento tan sorprendente, disruptivo y tradicional como las coliflores.<\/p>\n\n\n\n<figure class=\"wp-block-image aligncenter size-large is-resized\"><img loading=\"lazy\" decoding=\"async\" src=\"https:\/\/grinon.wordcamp.org\/2022\/files\/2022\/12\/coliflor-wcgrinon-2022-1024x683.jpg\" alt=\"Fotograf\u00eda de una coliflor\" class=\"wp-image-4809\" width=\"512\" height=\"342\" srcset=\"https:\/\/grinon.wordcamp.org\/2022\/files\/2022\/12\/coliflor-wcgrinon-2022-1024x683.jpg 1024w, https:\/\/grinon.wordcamp.org\/2022\/files\/2022\/12\/coliflor-wcgrinon-2022-300x200.jpg 300w, https:\/\/grinon.wordcamp.org\/2022\/files\/2022\/12\/coliflor-wcgrinon-2022-768x512.jpg 768w, https:\/\/grinon.wordcamp.org\/2022\/files\/2022\/12\/coliflor-wcgrinon-2022-450x300.jpg 450w, https:\/\/grinon.wordcamp.org\/2022\/files\/2022\/12\/coliflor-wcgrinon-2022-1536x1024.jpg 1536w, https:\/\/grinon.wordcamp.org\/2022\/files\/2022\/12\/coliflor-wcgrinon-2022-2048x1365.jpg 2048w\" sizes=\"auto, (max-width: 512px) 100vw, 512px\" \/><\/figure>\n\n\n\n<p class=\"wp-block-paragraph\">\u00bfQu\u00e9 tiene que ver una coliflor con una tienda online? Pues posiblemente poco, pero s\u00ed tiene mucho que ver con Gri\u00f1\u00f3n.<\/p>\n\n\n\n<p class=\"wp-block-paragraph\">Adem\u00e1s de todos los objetivos que ya nos hab\u00edamos puesto, tambi\u00e9n quer\u00edamos llevar el nombre de Gri\u00f1\u00f3n a todas partes. Y qu\u00e9 mejor forma de hacerlo que jugando con sus tradiciones.&nbsp;<\/p>\n\n\n\n<p class=\"wp-block-paragraph\">Es por ese car\u00e1cter local y tradicional <strong>por lo que decidimos que la coliflor ten\u00eda que tener un lugar destacado en la WordCamp Gri\u00f1\u00f3n: en el logotipo, en el recinto\u2026 \u00a1coliflores por todas partes!<\/strong><\/p>\n\n\n\n<figure class=\"wp-block-image aligncenter size-full\"><img loading=\"lazy\" decoding=\"async\" width=\"150\" height=\"150\" src=\"https:\/\/grinon.wordcamp.org\/2022\/files\/2022\/08\/logo-wordcamp-grinon-madrid-ico-2.png\" alt=\"Isotipo de WordCamp Gri\u00f1\u00f3n\" class=\"wp-image-2138\" \/><figcaption class=\"wp-element-caption\">WordCamp Gri\u00f1\u00f3n<\/figcaption><\/figure>\n\n\n\n<p class=\"wp-block-paragraph\">Las coliflores de Gri\u00f1\u00f3n tienen fama mucho m\u00e1s all\u00e1 de sus fronteras por su calidad, y eso lo sabe hasta el Wapu, que esta vez decidi\u00f3 no disfrazarse y prefiri\u00f3 abrazar una coliflor y dejarse imbuir por la esencia de los \u201carbolitos blancos\u201d, como dir\u00edan mis hijos.<\/p>\n\n\n\n<p class=\"wp-block-paragraph\"><strong>Hemos acabado hasta en Twitch<\/strong> gracias a la receta que han cocinado Jos\u00e9 Ram\u00f3n Bernabeu y Jos\u00e9 Luis Losada con una de las que anduvieron dando juego toda la jornada. Puedes verlo <a rel=\"noreferrer noopener\" href=\"https:\/\/www.twitch.tv\/videos\/1663104406\" target=\"_blank\">aqu\u00ed<\/a>, y luego nos cuentas qu\u00e9 tal si t\u00fa tambi\u00e9n la haces.<\/p>\n\n\n\n<p class=\"wp-block-paragraph\">Por cierto, la \u201cculpable\u201d de crear un Wapu tan achuchable y una identidad visual de esc\u00e1ndalo ha sido Mayl\u00e9n Garc\u00eda. \u00a1Gracias, Mayl\u00e9n!<\/p>\n\n\n\n<figure class=\"wp-block-image aligncenter size-medium\"><a href=\"https:\/\/grinon.wordcamp.org\/2022\/blog\/wapu-wordcamp-grinon\/\"><img loading=\"lazy\" decoding=\"async\" width=\"239\" height=\"300\" src=\"https:\/\/grinon.wordcamp.org\/2022\/files\/2022\/11\/coli-wapu-1-239x300.png\" alt=\"\" class=\"wp-image-4788\" srcset=\"https:\/\/grinon.wordcamp.org\/2022\/files\/2022\/11\/coli-wapu-1-239x300.png 239w, https:\/\/grinon.wordcamp.org\/2022\/files\/2022\/11\/coli-wapu-1-817x1024.png 817w, https:\/\/grinon.wordcamp.org\/2022\/files\/2022\/11\/coli-wapu-1-768x963.png 768w, https:\/\/grinon.wordcamp.org\/2022\/files\/2022\/11\/coli-wapu-1-1225x1536.png 1225w, https:\/\/grinon.wordcamp.org\/2022\/files\/2022\/11\/coli-wapu-1.png 1484w\" sizes=\"auto, (max-width: 239px) 100vw, 239px\" \/><\/a><\/figure>\n\n\n\n<h2 class=\"wp-block-heading\" id=\"pero-sin-duda-alguna-the-winner-is\">Pero, sin duda alguna, <em>the winner is<\/em>\u2026<\/h2>\n\n\n\n<p class=\"wp-block-paragraph\">Hay algo que me he preguntado mucho durante todos estos meses. No s\u00e9 si le pasa a todos los organizadores, pero en mi caso no solo era mi primera WordCamp, sino que, adem\u00e1s, no hab\u00eda o\u00eddo hablar antes sobre estas cosas que organizamos los \u201cfrikis\u201d de WordPress cuando nos da el siroco.<\/p>\n\n\n\n<p class=\"wp-block-paragraph\"><strong>\u00bfQu\u00e9 es lo mejor de la WordCamp?<\/strong><\/p>\n\n\n\n<p class=\"wp-block-paragraph\">Pues si hablamos de la WordCamp Gri\u00f1\u00f3n en particular, me va a costar mucho elegir.&nbsp;<\/p>\n\n\n\n<p class=\"wp-block-paragraph\">Centr\u00e9monos, pues, en lo mejor de una WordCamp. Te propongo que<strong> lo mejor de la experiencia gri\u00f1onense<\/strong> lo vayamos saboreando con la visi\u00f3n particular de cada uno de los que han estado por all\u00ed, como si fuera un caleidoscopio.<\/p>\n\n\n\n<p class=\"wp-block-paragraph\">Si quieres formar parte de este mosaico, acaba de leer el art\u00edculo y no te vayas sin dejarnos tu opini\u00f3n en comentarios.<\/p>\n\n\n\n<p class=\"wp-block-paragraph\">Como bien dijo Dani Serrano cuando sali\u00f3 de espont\u00e1neo en la charla inaugural a contar su experiencia, <strong>lo mejor de una WordCamp es lo que te llevas<\/strong>.<\/p>\n\n\n\n<figure class=\"wp-block-image size-large is-resized\"><img loading=\"lazy\" decoding=\"async\" src=\"https:\/\/grinon.wordcamp.org\/2022\/files\/2022\/12\/apertura-wordcamp-grinon-con-dani-serrano-1024x683.jpg\" alt=\"Fotograf\u00eda de Fernando L\u00f3pez, David Plaza y Dani Serrano en el escenario del Teatro Municipal durante la apertura.\" class=\"wp-image-4817\" width=\"768\" height=\"512\" srcset=\"https:\/\/grinon.wordcamp.org\/2022\/files\/2022\/12\/apertura-wordcamp-grinon-con-dani-serrano-1024x683.jpg 1024w, https:\/\/grinon.wordcamp.org\/2022\/files\/2022\/12\/apertura-wordcamp-grinon-con-dani-serrano-300x200.jpg 300w, https:\/\/grinon.wordcamp.org\/2022\/files\/2022\/12\/apertura-wordcamp-grinon-con-dani-serrano-768x512.jpg 768w, https:\/\/grinon.wordcamp.org\/2022\/files\/2022\/12\/apertura-wordcamp-grinon-con-dani-serrano-450x300.jpg 450w, https:\/\/grinon.wordcamp.org\/2022\/files\/2022\/12\/apertura-wordcamp-grinon-con-dani-serrano-1536x1024.jpg 1536w, https:\/\/grinon.wordcamp.org\/2022\/files\/2022\/12\/apertura-wordcamp-grinon-con-dani-serrano-2048x1365.jpg 2048w\" sizes=\"auto, (max-width: 768px) 100vw, 768px\" \/><\/figure>\n\n\n\n<p class=\"wp-block-paragraph\">Y eso no se mide en contratos millonarios o en seguidores de redes sociales. S<strong>e mide en personas. Y en \u201ccalorcito\u201d.<\/strong>\u00a0<\/p>\n\n\n\n<p class=\"wp-block-paragraph\">Lo mejor que te puedes llevar de una WordCamp <strong>es conocer a personas con tus mismas inquietudes<\/strong>. Que hacen cosas interesant\u00edsimas (igual hasta se complementan con lo que haces t\u00fa y hay match al m\u00e1s puro estilo Tinder, pero profesional). Y que, adem\u00e1s, <strong>comparten lo que saben con los dem\u00e1s para que esto sea cada d\u00eda m\u00e1s grande<\/strong>.<\/p>\n\n\n\n<p class=\"wp-block-paragraph\">Eso tiene una ventaja competitiva brutal sobre cualquier otro evento al que puedas ir: <strong>s\u00ed o s\u00ed vas a acabar el d\u00eda creciendo un poco m\u00e1s<\/strong>. Ese es el verdadero networking. Y de eso, en las WordCamp, hay para dar y regalar.<\/p>\n\n\n\n<p class=\"wp-block-paragraph\">\u00bfQuieres verlo? Aqu\u00ed tienes una <a rel=\"noreferrer noopener\" href=\"https:\/\/www.flickr.com\/photos\/wpgrinon\/albums\" target=\"_blank\">selecci\u00f3n de fotograf\u00edas<\/a>, para que puedas tomar nota de las sonrisas, las miradas y el buen rollo que se respir\u00f3 durante las dos jornadas.<\/p>\n\n\n\n<figure class=\"wp-block-image size-large is-resized\"><a href=\"https:\/\/www.flickr.com\/photos\/wpgrinon\/albums\" target=\"_blank\" rel=\"noreferrer noopener\"><img loading=\"lazy\" decoding=\"async\" src=\"https:\/\/grinon.wordcamp.org\/2022\/files\/2022\/12\/gente-hablando-en-wcgrinon-2022-1024x683.jpg\" alt=\"Fotograf\u00eda de Ana Cirujano, Pablo Moratinos e Isotta Peira charlando en el Teatro Municipal de Gri\u00f1\u00f3n.\" class=\"wp-image-4810\" width=\"768\" height=\"512\" srcset=\"https:\/\/grinon.wordcamp.org\/2022\/files\/2022\/12\/gente-hablando-en-wcgrinon-2022-1024x683.jpg 1024w, https:\/\/grinon.wordcamp.org\/2022\/files\/2022\/12\/gente-hablando-en-wcgrinon-2022-300x200.jpg 300w, https:\/\/grinon.wordcamp.org\/2022\/files\/2022\/12\/gente-hablando-en-wcgrinon-2022-768x512.jpg 768w, https:\/\/grinon.wordcamp.org\/2022\/files\/2022\/12\/gente-hablando-en-wcgrinon-2022-450x300.jpg 450w, https:\/\/grinon.wordcamp.org\/2022\/files\/2022\/12\/gente-hablando-en-wcgrinon-2022-1536x1024.jpg 1536w, https:\/\/grinon.wordcamp.org\/2022\/files\/2022\/12\/gente-hablando-en-wcgrinon-2022-2048x1365.jpg 2048w\" sizes=\"auto, (max-width: 768px) 100vw, 768px\" \/><\/a><\/figure>\n\n\n\n<p class=\"wp-block-paragraph\">Gracias de todo coraz\u00f3n a <a rel=\"noreferrer noopener\" href=\"https:\/\/twitter.com\/NiloVelez\" target=\"_blank\">Nilo V\u00e9lez<\/a> e <a rel=\"noreferrer noopener\" href=\"https:\/\/twitter.com\/coletassoft\" target=\"_blank\">Isaac Garc\u00eda<\/a> por <strong>sacar a la luz la verdadera alma de la WordCamp Gri\u00f1\u00f3n 2022<\/strong> con sus c\u00e1maras.<\/p>\n\n\n\n<p class=\"wp-block-paragraph\"><em>*Nota importante<\/em>: Por supuesto, puedes utilizar las fotos, pero te pedimos por favor que les agradezcas su trabajo etiquet\u00e1ndolos.<\/p>\n\n\n\n<p class=\"wp-block-paragraph\">Al final <strong>una WordCamp es la suma de la energ\u00eda de muchas personas a las que les apasiona tanto lo que hacen como para compartirlo con los dem\u00e1s sin esperar nada a cambio<\/strong>.<\/p>\n\n\n\n<figure class=\"wp-block-image size-large is-resized\"><img loading=\"lazy\" decoding=\"async\" src=\"https:\/\/grinon.wordcamp.org\/2022\/files\/2022\/12\/foto-familia-wordcamp-grinon-2022-1024x683.jpg\" alt=\"Foto de todos los asistentes de WordCamp Gri\u00f1\u00f3n 2022 delante del Centro Cultural de Gri\u00f1\u00f3n. Con una lona horizontal que pone WordCamp Gri\u00f1\u00f3n.\" class=\"wp-image-4814\" width=\"768\" height=\"512\" srcset=\"https:\/\/grinon.wordcamp.org\/2022\/files\/2022\/12\/foto-familia-wordcamp-grinon-2022-1024x683.jpg 1024w, https:\/\/grinon.wordcamp.org\/2022\/files\/2022\/12\/foto-familia-wordcamp-grinon-2022-300x200.jpg 300w, https:\/\/grinon.wordcamp.org\/2022\/files\/2022\/12\/foto-familia-wordcamp-grinon-2022-768x512.jpg 768w, https:\/\/grinon.wordcamp.org\/2022\/files\/2022\/12\/foto-familia-wordcamp-grinon-2022-450x300.jpg 450w, https:\/\/grinon.wordcamp.org\/2022\/files\/2022\/12\/foto-familia-wordcamp-grinon-2022-1536x1024.jpg 1536w, https:\/\/grinon.wordcamp.org\/2022\/files\/2022\/12\/foto-familia-wordcamp-grinon-2022-2048x1365.jpg 2048w\" sizes=\"auto, (max-width: 768px) 100vw, 768px\" \/><\/figure>\n\n\n\n<p class=\"wp-block-paragraph\">Y esa es <strong>la magia de la Comunidad WordPress<\/strong>.<\/p>\n\n\n\n<p class=\"wp-block-paragraph\">As\u00ed que solo podemos terminar este post con una palabra: <strong>GRACIAS. Gracias por poner tu energ\u00eda en esto, ya haya sido como asistente, patrocinador, voluntario, ponente\u2026 gracias por querer compartir lo que haces, lo que sabes y lo que puedes aprender. Gracias por compartir tu trabajo y tu tiempo<\/strong>.<\/p>\n\n\n\n<p class=\"wp-block-paragraph\">Gracias por ser y estar y\u2026 \u00a1nos vemos en <a rel=\"noreferrer noopener\" href=\"https:\/\/central.wordcamp.org\/\" target=\"_blank\">la pr\u00f3xima<\/a>!\u00a0<\/p>\n\n\n\n<h3 class=\"wp-block-heading\" id=\"p-d-la-fiesta-en-grinon-no-acaba-nunca\">P.D. La fiesta en Gri\u00f1\u00f3n no acaba nunca&#8230; <\/h3>\n\n\n\n<p class=\"wp-block-paragraph\">Y la pr\u00f3xima est\u00e1 m\u00e1s cerca de lo que cre\u00edas.<\/p>\n\n\n\n<p class=\"wp-block-paragraph\">\u00bfLa pr\u00f3xima WordCamp Gri\u00f1\u00f3n? No, bueno, todav\u00eda no nos hemos puesto a trabajar en esa idea (nos merecemos un descansito), pero <strong>el 16 de diciembre vamos a seguir aprendiendo (y comiendo) en la Meetup Gri\u00f1\u00f3n<\/strong>.<\/p>\n\n\n\n<p class=\"wp-block-paragraph\">Gratis, una vez m\u00e1s, gracias a nuestro patrocinador Sabandijers y al Ayuntamiento de Gri\u00f1\u00f3n.<\/p>\n\n\n\n<p class=\"wp-block-paragraph\">\u00bfNos vemos el 16 de diciembre? Elige presencial u online. <\/p>\n\n\n\n<div class=\"wp-block-buttons is-layout-flex wp-block-buttons-is-layout-flex\">\n<div class=\"wp-block-button aligncenter\"><a class=\"wp-block-button__link wp-element-button\" href=\"https:\/\/www.meetup.com\/es-ES\/wordpress-grinon\/events\/\" target=\"_blank\" rel=\"noreferrer noopener\">Ap\u00fantate ahora aqu\u00ed<\/a><\/div>\n<\/div>\n","protected":false},"excerpt":{"rendered":"<p>Una WordCamp no se acaba hasta que se escribe sobre ella. Nos toca.<\/p>\n","protected":false},"author":18876070,"featured_media":4816,"comment_status":"open","ping_status":"open","sticky":false,"template":"single-no-separators","format":"standard","meta":{"_crdt_document":"","jetpack_post_was_ever_published":false,"_jetpack_newsletter_access":"","_jetpack_dont_email_post_to_subs":false,"_jetpack_newsletter_tier_id":0,"_jetpack_memberships_contains_paywalled_content":false,"_jetpack_memberships_contains_paid_content":false,"footnotes":""},"categories":[1],"tags":[],"class_list":["post-4792","post","type-post","status-publish","format-standard","has-post-thumbnail","hentry","category-blog"],"jetpack_featured_media_url":"https:\/\/grinon.wordcamp.org\/2022\/files\/2022\/12\/wcgrinon-2022-foto-de-familia-1.jpg","jetpack_sharing_enabled":true,"_links":{"self":[{"href":"https:\/\/grinon.wordcamp.org\/2022\/wp-json\/wp\/v2\/posts\/4792","targetHints":{"allow":["GET"]}}],"collection":[{"href":"https:\/\/grinon.wordcamp.org\/2022\/wp-json\/wp\/v2\/posts"}],"about":[{"href":"https:\/\/grinon.wordcamp.org\/2022\/wp-json\/wp\/v2\/types\/post"}],"author":[{"embeddable":true,"href":"https:\/\/grinon.wordcamp.org\/2022\/wp-json\/wp\/v2\/users\/18876070"}],"replies":[{"embeddable":true,"href":"https:\/\/grinon.wordcamp.org\/2022\/wp-json\/wp\/v2\/comments?post=4792"}],"version-history":[{"count":15,"href":"https:\/\/grinon.wordcamp.org\/2022\/wp-json\/wp\/v2\/posts\/4792\/revisions"}],"predecessor-version":[{"id":4821,"href":"https:\/\/grinon.wordcamp.org\/2022\/wp-json\/wp\/v2\/posts\/4792\/revisions\/4821"}],"wp:featuredmedia":[{"embeddable":true,"href":"https:\/\/grinon.wordcamp.org\/2022\/wp-json\/wp\/v2\/media\/4816"}],"wp:attachment":[{"href":"https:\/\/grinon.wordcamp.org\/2022\/wp-json\/wp\/v2\/media?parent=4792"}],"wp:term":[{"taxonomy":"category","embeddable":true,"href":"https:\/\/grinon.wordcamp.org\/2022\/wp-json\/wp\/v2\/categories?post=4792"},{"taxonomy":"post_tag","embeddable":true,"href":"https:\/\/grinon.wordcamp.org\/2022\/wp-json\/wp\/v2\/tags?post=4792"}],"curies":[{"name":"wp","href":"https:\/\/api.w.org\/{rel}","templated":true}]}}