{"id":4833,"date":"2022-12-06T10:00:00","date_gmt":"2022-12-06T09:00:00","guid":{"rendered":"https:\/\/grinon.wordcamp.org\/2022\/?p=4833"},"modified":"2022-12-06T15:10:46","modified_gmt":"2022-12-06T14:10:46","slug":"podcast-en-vivo","status":"publish","type":"post","link":"https:\/\/grinon.wordcamp.org\/2022\/blog\/podcast-en-vivo\/","title":{"rendered":"Episodio 12: Podcast en Vivo en WordCamp Gri\u00f1\u00f3n"},"content":{"rendered":"\n<h1 class=\"wp-block-heading\">Podcast en Vivo en WordCamp Gri\u00f1\u00f3n<\/h1>\n\n\n\t<div class=\"wp-block-jetpack-podcast-player is-default\" id=\"jetpack-podcast-player-block-4833-2\">\n\t\t<section\n\t\t\tclass=\"jetpack-podcast-player has-secondary has-black-color\"\n\t\t\tstyle=\" --jetpack-podcast-player-primary: #2a4a10; --jetpack-podcast-player-secondary: #000000;\"\n\t\t>\n\t\t\t\n<div class=\"jetpack-podcast-player__header\">\n\t<div class=\"jetpack-podcast-player__current-track-info\">\n\t\t\t\t\t<div class=\"jetpack-podcast-player__cover\">\n\t\t\t\t<img decoding=\"async\" class=\"jetpack-podcast-player__cover-image\" src=\"https:\/\/d3t3ozftmdmh3i.cloudfront.net\/production\/podcast_uploaded_nologo\/29926717\/29926717-1662138925565-e59af8c93af14.jpg\" alt=\"\" \/>\n\t\t\t<\/div>\n\t\t\n\t\t\n<h2 id=\"jetpack-podcast-player-block-4833-2__title\" class=\"jetpack-podcast-player__title\">\n\t<span\n\t\tclass=\"jetpack-podcast-player__current-track-title has-primary has-custom-color-3-color\"\n\t\tstyle=\"\"\t>\n\t\tEpisodio 12: En vivo desde WordCamp Gri\u00f1\u00f3n 2022<a\n\t\t\t\tclass=\"jetpack-podcast-player__track-title-link\"\n\t\t\t\thref=\"https:\/\/podcasters.spotify.com\/pod\/show\/wordpress-grinon\/episodes\/Episodio-12-En-vivo-desde-WordCamp-Grin-2022-e1rq35a\"\n\t\t\t\ttarget=\"_blank\"\n\t\t\t\trel=\"noopener noreferrer nofollow\"\n\t\t\t>\n\t\t\t\t<svg xmlns=\"http:\/\/www.w3.org\/2000\/svg\" viewBox=\"0 0 24 24\" width=\"24\" height=\"24\">\n\t\t\t\t\t<path d=\"M15.6 7.2H14v1.5h1.6c2 0 3.7 1.7 3.7 3.7s-1.7 3.7-3.7 3.7H14v1.5h1.6c2.8 0 5.2-2.3 5.2-5.2 0-2.9-2.3-5.2-5.2-5.2zM4.7 12.4c0-2 1.7-3.7 3.7-3.7H10V7.2H8.4c-2.9 0-5.2 2.3-5.2 5.2 0 2.9 2.3 5.2 5.2 5.2H10v-1.5H8.4c-2 0-3.7-1.7-3.7-3.7zm4.6.9h5.3v-1.5H9.3v1.5z\" \/>\n\t\t\t\t<\/svg>\n\t\t\t<\/a>\n\t\t\t<\/span>\n\n\t\t\t<span class=\"jetpack-podcast-player--visually-hidden\"> &#8211; <\/span>\n\n\t\t<span class=\"jetpack-podcast-player__podcast-title\">\n\t\t\t<a\n\t\t\tclass=\"jetpack-podcast-player__link\"\n\t\t\thref=\"https:\/\/grinon.wordcamp.org\/2024\/\"\n\t\t\ttarget=\"_blank\"\n\t\t\trel=\"noopener noreferrer nofollow\"\n\t\t>\n\t\t\tWordCamp Gri\u00f1\u00f3n\t\t<\/a>\n\t\t<\/span>\n\t<\/h2>\n\t<\/div>\n\n\t\n\t<div class=\"jetpack-podcast-player__audio-player\">\n\t\t<div class=\"jetpack-podcast-player--audio-player-loading\"><\/div>\n\t<\/div>\n<\/div>\n\t\t\t\t\t<\/section>\n\t\t\t\t<script type=\"application\/json\">{\"attributes\":{\"url\":\"https:\/\/anchor.fm\/s\/b2f92254\/podcast\/rss\",\"selectedEpisodes\":[{\"guid\":\"e2b218fc-3d85-4017-896c-9fb75c79cbe0\"}],\"itemsToShow\":1,\"showEpisodeDescription\":false,\"primaryColor\":\"custom-color-3\",\"hexPrimaryColor\":\"#2a4a10\",\"secondaryColor\":\"black\",\"hexSecondaryColor\":\"#000000\",\"showCoverArt\":true,\"showEpisodeTitle\":true},\"title\":\"WordCamp Gri\\u00f1\\u00f3n\",\"description\":\"Podcast de WordCamp Gri\\u00f1\\u00f3n y todo lo que estamos cocinando para la edici\\u00f3n 2024: conversaciones, debates y entrevistas al natural con las personas que lo hacen posible.\\n\\nEnt\\u00e9rate de la informaci\\u00f3n m\\u00e1s \\u00fatil, de c\\u00f3mo colaborar y de algunas sorpresas que te dejar\\u00e1n con la boca abierta.\\n\\nEl 23 y 24 de noviembre, en el Centro Cultural de Gri\\u00f1\\u00f3n, donde reuniremos a profesionales, due\\u00f1os de negocios y todos los que quieren vender online.\\n\\nPuedes encontrar toda la informaci\\u00f3n del evento en: https:\/\/grinon.wordcamp.org\/\",\"link\":\"https:\/\/grinon.wordcamp.org\/2024\/\",\"cover\":\"https:\/\/d3t3ozftmdmh3i.cloudfront.net\/production\/podcast_uploaded_nologo\/29926717\/29926717-1662138925565-e59af8c93af14.jpg\",\"tracks\":[{\"id\":\"podcast-track-1\",\"link\":\"https:\/\/podcasters.spotify.com\/pod\/show\/wordpress-grinon\/episodes\/Episodio-12-En-vivo-desde-WordCamp-Grin-2022-e1rq35a\",\"src\":\"https:\/\/anchor.fm\/s\/b2f92254\/podcast\/play\/61721194\/https%3A%2F%2Fd3ctxlq1ktw2nl.cloudfront.net%2Fstaging%2F2022-11-5%2F37d8f84e-410f-cd74-f01b-ec2e1e8f94db.mp3\",\"type\":\"audio\/mpeg\",\"description\":\"Durante anteriores episodios hemos disfrutado de la compa\\u00f1\\u00eda de cantidad de invitadas e invitados.\\u00a0\\nEl pasado 19 de noviembre montamos una sala de podcast por la que pasaron infinidad de personas.\\nVuelve a WordCamp Gri\\u00f1\\u00f3n EN VIVO y consulta las pr\\u00f3ximas WordCamps en https:\/\/central.wordcamp.org\/\\nEn este episodio escuchar\\u00e1s a:\\n\\n00.15 Ana Gavil\\u00e1n y Ana Cirujano\\n07.45 Eove Productora en WordCamp Gri\\u00f1\\u00f3n\\n14.15 Camilo de Doofinder\\n16.30 Montse Cano\\n19.05 Daniel de Sered.net\\n21.05 Khoana\\n24.30 Marta y Mailen (Voluntarias)\\n29.30 Yvette Sonneveld de Yoast SEO\\n31.15 Dani Serrano\\n37.05 Javier Casares\\n40.25 Tania de Yith\\n42.21 Mesa de podcasters (Leandro Men\\u00e9ndez, Jorge Mar\\u00edn Nieto, El Cura Lega\\u00f1as e Iv\\u00e1n Patxi)\\n49.71 Jorge Mar\\u00edn Nieto de Eove Productora\\n55.43 Juanma Aranda y Pablo Moratinos\\n1.05.35 Jos\\u00e9 Mar\\u00eda Porras, Alcalde de Gri\\u00f1\\u00f3n, y \\u00c1lvaro Fern\\u00e1ndez, Concejal.\\n1.11.51 Fernando Tellado\\n1.34.00 Naza Mej\\u00edas\\n1.37.41 Fernando L\\u00f3pez\\n1.48.00 Bonus Track: Javier Casares de WordPress Radio\",\"description_html\":\"\\u003Cp\\u003EDurante anteriores episodios hemos disfrutado de la compa\\u00f1\\u00eda de cantidad de invitadas e invitados.\\u00a0\\u003C\/p\\u003E\\n\\u003Cp\\u003EEl pasado 19 de noviembre montamos una sala de podcast por la que pasaron infinidad de personas.\\u003C\/p\\u003E\\n\\u003Cp\\u003EVuelve a WordCamp Gri\\u00f1\\u00f3n EN VIVO y consulta las pr\\u00f3ximas WordCamps en https:\/\/central.wordcamp.org\/\\u003C\/p\\u003E\\n\\u003Cp\\u003EEn este episodio escuchar\\u00e1s a:\\u003Cbr\\u003E\\n\\u003Cbr\\u003E\\n00.15 Ana Gavil\\u00e1n y Ana Cirujano\\u003C\/p\\u003E\\n\\u003Cp\\u003E07.45 Eove Productora en WordCamp Gri\\u00f1\\u00f3n\\u003C\/p\\u003E\\n\\u003Cp\\u003E14.15 Camilo de Doofinder\\u003C\/p\\u003E\\n\\u003Cp\\u003E16.30 Montse Cano\\u003C\/p\\u003E\\n\\u003Cp\\u003E19.05 Daniel de Sered.net\\u003C\/p\\u003E\\n\\u003Cp\\u003E21.05 Khoana\\u003C\/p\\u003E\\n\\u003Cp\\u003E24.30 Marta y Mailen (Voluntarias)\\u003C\/p\\u003E\\n\\u003Cp\\u003E29.30 Yvette Sonneveld de Yoast SEO\\u003C\/p\\u003E\\n\\u003Cp\\u003E31.15 Dani Serrano\\u003C\/p\\u003E\\n\\u003Cp\\u003E37.05 Javier Casares\\u003C\/p\\u003E\\n\\u003Cp\\u003E40.25 Tania de Yith\\u003C\/p\\u003E\\n\\u003Cp\\u003E42.21 Mesa de podcasters (Leandro Men\\u00e9ndez, Jorge Mar\\u00edn Nieto, El Cura Lega\\u00f1as e Iv\\u00e1n Patxi)\\u003C\/p\\u003E\\n\\u003Cp\\u003E49.71 Jorge Mar\\u00edn Nieto de Eove Productora\\u003C\/p\\u003E\\n\\u003Cp\\u003E55.43 Juanma Aranda y Pablo Moratinos\\u003C\/p\\u003E\\n\\u003Cp\\u003E1.05.35 Jos\\u00e9 Mar\\u00eda Porras, Alcalde de Gri\\u00f1\\u00f3n, y \\u00c1lvaro Fern\\u00e1ndez, Concejal.\\u003C\/p\\u003E\\n\\u003Cp\\u003E1.11.51 Fernando Tellado\\u003C\/p\\u003E\\n\\u003Cp\\u003E1.34.00 Naza Mej\\u00edas\\u003C\/p\\u003E\\n\\u003Cp\\u003E1.37.41 Fernando L\\u00f3pez\\u003C\/p\\u003E\\n\\u003Cp\\u003E1.48.00 Bonus Track: Javier Casares de WordPress Radio\\u003C\/p\\u003E\",\"title\":\"Episodio 12: En vivo desde WordCamp Gri\\u00f1\\u00f3n 2022\",\"image\":\"https:\/\/d3t3ozftmdmh3i.cloudfront.net\/production\/podcast_uploaded_nologo\/29926717\/29926717-1662138925565-e59af8c93af14.jpg\",\"guid\":\"e2b218fc-3d85-4017-896c-9fb75c79cbe0\",\"publish_date\":\"2022-12-06T08:00:16+00:00\",\"duration\":\"03:05:45\"}],\"playerId\":\"jetpack-podcast-player-block-4833-2\"}<\/script>\n\t\t\t<\/div>\n\t\n\n\n<p class=\"wp-block-paragraph\">Quer\u00edamos <strong>inmortalizar la WordCamp Gri\u00f1\u00f3n, con v\u00eddeos, fotograf\u00edas y tambi\u00e9n con nuestro podcast<\/strong>. El cu\u00e1l nos ha ido acompa\u00f1ando durante estas semanas hasta llegar al 19 de noviembre de 2022.<\/p>\n\n\n\n<figure class=\"wp-block-image size-large\"><img loading=\"lazy\" decoding=\"async\" width=\"1024\" height=\"461\" src=\"https:\/\/grinon.wordcamp.org\/2022\/files\/2022\/12\/photo_5_2022-12-06_01-44-47-1024x461.jpg\" alt=\"\" class=\"wp-image-4843\" srcset=\"https:\/\/grinon.wordcamp.org\/2022\/files\/2022\/12\/photo_5_2022-12-06_01-44-47-1024x461.jpg 1024w, https:\/\/grinon.wordcamp.org\/2022\/files\/2022\/12\/photo_5_2022-12-06_01-44-47-300x135.jpg 300w, https:\/\/grinon.wordcamp.org\/2022\/files\/2022\/12\/photo_5_2022-12-06_01-44-47-768x346.jpg 768w, https:\/\/grinon.wordcamp.org\/2022\/files\/2022\/12\/photo_5_2022-12-06_01-44-47-500x225.jpg 500w, https:\/\/grinon.wordcamp.org\/2022\/files\/2022\/12\/photo_5_2022-12-06_01-44-47.jpg 1280w\" sizes=\"auto, (max-width: 1024px) 100vw, 1024px\" \/><figcaption class=\"wp-element-caption\">Jorge Mar\u00edn Nieto (asistente), Ana Gavil\u00e1n (ponente), Ana Cirujano (ponente) y David Plaza (organizador)<\/figcaption><\/figure>\n\n\n\n<p class=\"wp-block-paragraph\">Aunque nuestros recursos eran limitados y solo ten\u00edamos una peque\u00f1a sala para grabar en vivo el podcast, como cualquier persona apasionada del podcasting daban igual los medios, lo importante era grabar.<\/p>\n\n\n\n<div class=\"wp-block-buttons is-content-justification-center is-layout-flex wp-container-core-buttons-is-layout-20959078 wp-block-buttons-is-layout-flex\">\n<div class=\"wp-block-button\"><a class=\"wp-block-button__link wp-element-button\" href=\"https:\/\/grinon.wordcamp.org\/2022\/blog\/podcast-en-vivo\/#escuchar\">Escuchar el Episodio<\/a><\/div>\n<\/div>\n\n\n\n<p class=\"wp-block-paragraph\">Pero contamos con la ayuda inesperada de un asistente, el incre\u00edble <a rel=\"noreferrer noopener\" href=\"https:\/\/twitter.com\/Eove\" target=\"_blank\">Jorge Mar\u00edn Nieto<\/a>, que dispon\u00eda en su coche de todo el equipo necesario para que la grabaci\u00f3n mejorase, salvo en alg\u00fan momento que algunos nos confundimos de micr\u00f3fono, por lo dem\u00e1s, hasta el ruido de fondo no molest\u00f3 pr\u00e1cticamente nada.<\/p>\n\n\n\n<p class=\"wp-block-paragraph\">Y nuestro agradecimiento, una vez m\u00e1s, a Leo de <a rel=\"noreferrer noopener\" href=\"https:\/\/todoporunpodcast.com\/\" target=\"_blank\">Todo Por Un Podcast<\/a> por editar este \u00faltimo episodio, con un total de 3 horas de grabaci\u00f3n. Aunque m\u00e1s de una hora se llev\u00f3 <a rel=\"noreferrer noopener\" href=\"https:\/\/twitter.com\/JavierCasares\" target=\"_blank\">Javier Casares<\/a>, que no paraba de contar cosas cada m\u00e1s interesantes de WordPress, hemos dejado su charla completa para el final.<\/p>\n\n\n\n<p class=\"wp-block-paragraph\">\u00bfQui\u00e9nes pasaron por el podcast?, hablamos con unas cu\u00e1ntas personas:<\/p>\n\n\n\n<ul class=\"wp-block-list\">\n<li>00.15 <a rel=\"noreferrer noopener\" href=\"https:\/\/twitter.com\/anagavilancom\" target=\"_blank\">Ana Gavil\u00e1n<\/a> (ponente) y <a href=\"https:\/\/twitter.com\/acirujano\" target=\"_blank\" rel=\"noreferrer noopener\">Ana Cirujano<\/a> (ponente).<\/li>\n\n\n\n<li>07.45 <a rel=\"noreferrer noopener\" href=\"https:\/\/twitter.com\/eoveproductora\" target=\"_blank\">Presentaci\u00f3n Eove<\/a> y equipamiento para grabar en WordCamp Gri\u00f1\u00f3n. Menci\u00f3n a<a rel=\"noreferrer noopener\" href=\"https:\/\/twitter.com\/martatorredev\" target=\"_blank\"> Marta Torre<\/a>.<\/li>\n\n\n\n<li>14.15 Camilo \u00c1lvarez de <a href=\"https:\/\/twitter.com\/doofinder\" target=\"_blank\" rel=\"noreferrer noopener\">Doofinder<\/a> (patrocinador).<\/li>\n\n\n\n<li>16.30 <a href=\"https:\/\/twitter.com\/MontseCano\" target=\"_blank\" rel=\"noreferrer noopener\">Montse Cano<\/a> (ponente).<\/li>\n\n\n\n<li>19.05 Daniel Brasa de <a href=\"https:\/\/twitter.com\/SeredNET\" target=\"_blank\" rel=\"noreferrer noopener\">Sered.net<\/a> (patrocinador).<\/li>\n\n\n\n<li>21.05 <a href=\"https:\/\/twitter.com\/KhoanaZen\" target=\"_blank\" rel=\"noreferrer noopener\">Khoana Zen<\/a> (asistente).<\/li>\n\n\n\n<li>24.30 <a href=\"https:\/\/twitter.com\/martacortesfab\" target=\"_blank\" rel=\"noreferrer noopener\">Marta C\u00f3rtes<\/a> (voluntaria) y <a href=\"https:\/\/twitter.com\/maylendesign\" target=\"_blank\" rel=\"noreferrer noopener\">Mayl\u00e9n Garc\u00eda<\/a> (organizadora).<\/li>\n\n\n\n<li>29.30 <a href=\"https:\/\/twitter.com\/yvettesonneveld\" target=\"_blank\" rel=\"noreferrer noopener\">Yvette Sonneveld<\/a> de <a href=\"https:\/\/twitter.com\/yoast\" target=\"_blank\" rel=\"noreferrer noopener\">Yoast SEO<\/a> (patrocinador).<\/li>\n\n\n\n<li>31.15 <a rel=\"noreferrer noopener\" href=\"https:\/\/twitter.com\/DaniSerrano_\" target=\"_blank\">Dani Serrano<\/a> (ponente). Menci\u00f3n a <a href=\"https:\/\/twitter.com\/jaimegarmar_\" target=\"_blank\" rel=\"noreferrer noopener\">Jaime G\u00e1rmar<\/a>.<\/li>\n\n\n\n<li>37.05 <a rel=\"noreferrer noopener\" href=\"https:\/\/twitter.com\/JavierCasares\" target=\"_blank\">Javier Casares<\/a> (asistente y fragmento sobre WordCamp Gri\u00f1\u00f3n).<\/li>\n\n\n\n<li>40.25 Tania Gonz\u00e1lez M\u00e9ndez de <a href=\"https:\/\/twitter.com\/YITHEMES\" target=\"_blank\" rel=\"noreferrer noopener\">Yith<\/a> (patrocinador).<\/li>\n\n\n\n<li>42.21 Mesa de podcasters (<a rel=\"noreferrer noopener\" href=\"https:\/\/twitter.com\/ajenoaltiempo\" target=\"_blank\">Leandro Men\u00e9ndez<\/a> (ponente), <a href=\"https:\/\/twitter.com\/Eove\" target=\"_blank\" rel=\"noreferrer noopener\">Jorge Mar\u00edn Nieto<\/a> (asistente), <a href=\"https:\/\/twitter.com\/Elcuraleganas\" target=\"_blank\" rel=\"noreferrer noopener\">El Cura Lega\u00f1as<\/a> (asistente) e <a href=\"https:\/\/twitter.com\/ivanpatxi\" target=\"_blank\" rel=\"noreferrer noopener\">Iv\u00e1n Patxi<\/a> (asistente)).<\/li>\n\n\n\n<li>49.71 <a href=\"https:\/\/twitter.com\/Eove\" target=\"_blank\" rel=\"noreferrer noopener\">Jorge Mar\u00edn Nieto<\/a> de Eove Productora (asistente).<\/li>\n\n\n\n<li>55.43 <a href=\"https:\/\/twitter.com\/JuanmaAranda\" target=\"_blank\" rel=\"noreferrer noopener\">Juanma Aranda<\/a> (asistente) y <a href=\"https:\/\/twitter.com\/pablomoratinos\" target=\"_blank\" rel=\"noreferrer noopener\">Pablo Moratinos<\/a> (ponente).<\/li>\n\n\n\n<li>1.05.35 Excmo. Sr. Jos\u00e9 Mar\u00eda Porras Agenjo. Alcalde de Gri\u00f1\u00f3n. Y \u00c1lvaro Fern\u00e1ndez Ruiz concejal de Gri\u00f1\u00f3n.<\/li>\n\n\n\n<li>1.11.51 <a href=\"https:\/\/twitter.com\/fernandot\" target=\"_blank\" rel=\"noreferrer noopener\">Fernando Tellado<\/a> (ponente).<\/li>\n\n\n\n<li>1.34.00 <a href=\"https:\/\/twitter.com\/nazamegias\" target=\"_blank\" rel=\"noreferrer noopener\">Naza Mej\u00edas<\/a> (organizadora).<\/li>\n\n\n\n<li>1.37.41 <a href=\"https:\/\/twitter.com\/flopez1977\" target=\"_blank\" rel=\"noreferrer noopener\">Fernando L\u00f3pez<\/a> (organizador).<\/li>\n\n\n\n<li>1.48.00 Bonus Track: <a rel=\"noreferrer noopener\" href=\"https:\/\/wpradio.es\/\" target=\"_blank\">Javier Casares<\/a> de <a href=\"https:\/\/wpradio.es\/\" target=\"_blank\" rel=\"noreferrer noopener\">WordPress Radio<\/a>, la charla completa.<\/li>\n<\/ul>\n\n\n\n<p class=\"wp-block-paragraph\">Esperamos que disfrut\u00e9is de estos momentos en vivo tanto como nosotros en grabarlo.<\/p>\n\n\n\n<p class=\"wp-block-paragraph\">Recordad que ten\u00e9is <a href=\"https:\/\/wordpress.tv\/event\/wordcamp-grinon-2022\/\" target=\"_blank\" rel=\"noreferrer noopener\">las charlas en WordPress.tv<\/a> y ten\u00e9is <a href=\"https:\/\/www.flickr.com\/photos\/wpgrinon\/albums\" target=\"_blank\" rel=\"noreferrer noopener\">aqu\u00ed<\/a> el resto de las fotograf\u00edas del evento.<\/p>\n\n\n\n<p class=\"wp-block-paragraph\">\u00a1Nos vemos en <a href=\"https:\/\/central.wordcamp.org\/\" target=\"_blank\" rel=\"noreferrer noopener\">la pr\u00f3xima WordCamp<\/a>!<\/p>\n\n\n\n<div class=\"wp-block-jetpack-slideshow aligncenter\" data-effect=\"slide\"><div class=\"wp-block-jetpack-slideshow_container swiper-container\"><ul class=\"wp-block-jetpack-slideshow_swiper-wrapper swiper-wrapper\"><li class=\"wp-block-jetpack-slideshow_slide swiper-slide\"><figure><img loading=\"lazy\" decoding=\"async\" width=\"1024\" height=\"461\" alt=\"\" class=\"wp-block-jetpack-slideshow_image wp-image-4843\" data-id=\"4843\" src=\"https:\/\/grinon.wordcamp.org\/2022\/files\/2022\/12\/photo_5_2022-12-06_01-44-47-1024x461.jpg\" srcset=\"https:\/\/grinon.wordcamp.org\/2022\/files\/2022\/12\/photo_5_2022-12-06_01-44-47-1024x461.jpg 1024w, https:\/\/grinon.wordcamp.org\/2022\/files\/2022\/12\/photo_5_2022-12-06_01-44-47-300x135.jpg 300w, https:\/\/grinon.wordcamp.org\/2022\/files\/2022\/12\/photo_5_2022-12-06_01-44-47-768x346.jpg 768w, https:\/\/grinon.wordcamp.org\/2022\/files\/2022\/12\/photo_5_2022-12-06_01-44-47-500x225.jpg 500w, https:\/\/grinon.wordcamp.org\/2022\/files\/2022\/12\/photo_5_2022-12-06_01-44-47.jpg 1280w\" sizes=\"(max-width: 1024px) 100vw, 1024px\" \/><figcaption class=\"wp-block-jetpack-slideshow_caption gallery-caption\">Jorge Mar\u00edn Nieto (asistente), Ana Gavil\u00e1n (ponente), Ana Cirujano (ponente) y David Plaza (organizador)<\/figcaption><\/figure><\/li><li class=\"wp-block-jetpack-slideshow_slide swiper-slide\"><figure><img loading=\"lazy\" decoding=\"async\" width=\"1024\" height=\"577\" alt=\"Jorge Mar\u00edn Nieto (asistente)\" class=\"wp-block-jetpack-slideshow_image wp-image-4861\" data-id=\"4861\" src=\"https:\/\/grinon.wordcamp.org\/2022\/files\/2022\/12\/photo_2022-12-06_08-55-23-1024x577.jpg\" srcset=\"https:\/\/grinon.wordcamp.org\/2022\/files\/2022\/12\/photo_2022-12-06_08-55-23-1024x577.jpg 1024w, https:\/\/grinon.wordcamp.org\/2022\/files\/2022\/12\/photo_2022-12-06_08-55-23-300x169.jpg 300w, https:\/\/grinon.wordcamp.org\/2022\/files\/2022\/12\/photo_2022-12-06_08-55-23-768x433.jpg 768w, https:\/\/grinon.wordcamp.org\/2022\/files\/2022\/12\/photo_2022-12-06_08-55-23-500x282.jpg 500w, https:\/\/grinon.wordcamp.org\/2022\/files\/2022\/12\/photo_2022-12-06_08-55-23.jpg 1280w\" sizes=\"(max-width: 1024px) 100vw, 1024px\" \/><figcaption class=\"wp-block-jetpack-slideshow_caption gallery-caption\">Jorge Mar\u00edn Nieto (asistente)<\/figcaption><\/figure><\/li><li class=\"wp-block-jetpack-slideshow_slide swiper-slide\"><figure><img loading=\"lazy\" decoding=\"async\" width=\"1024\" height=\"461\" alt=\"\" class=\"wp-block-jetpack-slideshow_image wp-image-4844\" data-id=\"4844\" src=\"https:\/\/grinon.wordcamp.org\/2022\/files\/2022\/12\/photo_4_2022-12-06_01-44-47-1024x461.jpg\" srcset=\"https:\/\/grinon.wordcamp.org\/2022\/files\/2022\/12\/photo_4_2022-12-06_01-44-47-1024x461.jpg 1024w, https:\/\/grinon.wordcamp.org\/2022\/files\/2022\/12\/photo_4_2022-12-06_01-44-47-300x135.jpg 300w, https:\/\/grinon.wordcamp.org\/2022\/files\/2022\/12\/photo_4_2022-12-06_01-44-47-768x346.jpg 768w, https:\/\/grinon.wordcamp.org\/2022\/files\/2022\/12\/photo_4_2022-12-06_01-44-47-500x225.jpg 500w, https:\/\/grinon.wordcamp.org\/2022\/files\/2022\/12\/photo_4_2022-12-06_01-44-47.jpg 1280w\" sizes=\"(max-width: 1024px) 100vw, 1024px\" \/><figcaption class=\"wp-block-jetpack-slideshow_caption gallery-caption\">Camilo \u00c1lvarez de Doofinder <\/figcaption><\/figure><\/li><li class=\"wp-block-jetpack-slideshow_slide swiper-slide\"><figure><img loading=\"lazy\" decoding=\"async\" width=\"1024\" height=\"683\" alt=\"\" class=\"wp-block-jetpack-slideshow_image wp-image-4841\" data-id=\"4841\" src=\"https:\/\/grinon.wordcamp.org\/2022\/files\/2022\/12\/NIL07497-1024x683.jpg\" srcset=\"https:\/\/grinon.wordcamp.org\/2022\/files\/2022\/12\/NIL07497-1024x683.jpg 1024w, https:\/\/grinon.wordcamp.org\/2022\/files\/2022\/12\/NIL07497-300x200.jpg 300w, https:\/\/grinon.wordcamp.org\/2022\/files\/2022\/12\/NIL07497-768x512.jpg 768w, https:\/\/grinon.wordcamp.org\/2022\/files\/2022\/12\/NIL07497-450x300.jpg 450w, https:\/\/grinon.wordcamp.org\/2022\/files\/2022\/12\/NIL07497-1536x1024.jpg 1536w, https:\/\/grinon.wordcamp.org\/2022\/files\/2022\/12\/NIL07497-2048x1365.jpg 2048w\" sizes=\"(max-width: 1024px) 100vw, 1024px\" \/><figcaption class=\"wp-block-jetpack-slideshow_caption gallery-caption\">Khoana Zen (asistente)<\/figcaption><\/figure><\/li><li class=\"wp-block-jetpack-slideshow_slide swiper-slide\"><figure><img loading=\"lazy\" decoding=\"async\" width=\"1024\" height=\"683\" alt=\"\" class=\"wp-block-jetpack-slideshow_image wp-image-4842\" data-id=\"4842\" src=\"https:\/\/grinon.wordcamp.org\/2022\/files\/2022\/12\/NIL07496-1024x683.jpg\" srcset=\"https:\/\/grinon.wordcamp.org\/2022\/files\/2022\/12\/NIL07496-1024x683.jpg 1024w, https:\/\/grinon.wordcamp.org\/2022\/files\/2022\/12\/NIL07496-300x200.jpg 300w, https:\/\/grinon.wordcamp.org\/2022\/files\/2022\/12\/NIL07496-768x512.jpg 768w, https:\/\/grinon.wordcamp.org\/2022\/files\/2022\/12\/NIL07496-450x300.jpg 450w, https:\/\/grinon.wordcamp.org\/2022\/files\/2022\/12\/NIL07496-1536x1024.jpg 1536w, https:\/\/grinon.wordcamp.org\/2022\/files\/2022\/12\/NIL07496-2048x1365.jpg 2048w\" sizes=\"(max-width: 1024px) 100vw, 1024px\" \/><figcaption class=\"wp-block-jetpack-slideshow_caption gallery-caption\">Khoana Zen (asistente)<\/figcaption><\/figure><\/li><li class=\"wp-block-jetpack-slideshow_slide swiper-slide\"><figure><img loading=\"lazy\" decoding=\"async\" width=\"1024\" height=\"683\" alt=\"\" class=\"wp-block-jetpack-slideshow_image wp-image-4837\" data-id=\"4837\" src=\"https:\/\/grinon.wordcamp.org\/2022\/files\/2022\/12\/20221119_igg_wc_grinon-9872-1024x683.jpg\" srcset=\"https:\/\/grinon.wordcamp.org\/2022\/files\/2022\/12\/20221119_igg_wc_grinon-9872-1024x683.jpg 1024w, https:\/\/grinon.wordcamp.org\/2022\/files\/2022\/12\/20221119_igg_wc_grinon-9872-300x200.jpg 300w, https:\/\/grinon.wordcamp.org\/2022\/files\/2022\/12\/20221119_igg_wc_grinon-9872-768x512.jpg 768w, https:\/\/grinon.wordcamp.org\/2022\/files\/2022\/12\/20221119_igg_wc_grinon-9872-450x300.jpg 450w, https:\/\/grinon.wordcamp.org\/2022\/files\/2022\/12\/20221119_igg_wc_grinon-9872-1536x1024.jpg 1536w, https:\/\/grinon.wordcamp.org\/2022\/files\/2022\/12\/20221119_igg_wc_grinon-9872-2048x1365.jpg 2048w\" sizes=\"(max-width: 1024px) 100vw, 1024px\" \/><figcaption class=\"wp-block-jetpack-slideshow_caption gallery-caption\">Yvette Sonneveld de Yoast SEO <\/figcaption><\/figure><\/li><li class=\"wp-block-jetpack-slideshow_slide swiper-slide\"><figure><img loading=\"lazy\" decoding=\"async\" width=\"1024\" height=\"683\" alt=\"\" class=\"wp-block-jetpack-slideshow_image wp-image-4839\" data-id=\"4839\" src=\"https:\/\/grinon.wordcamp.org\/2022\/files\/2022\/12\/grabando-en-wcgrinon-2022-1-1024x683.jpg\" srcset=\"https:\/\/grinon.wordcamp.org\/2022\/files\/2022\/12\/grabando-en-wcgrinon-2022-1-1024x683.jpg 1024w, https:\/\/grinon.wordcamp.org\/2022\/files\/2022\/12\/grabando-en-wcgrinon-2022-1-300x200.jpg 300w, https:\/\/grinon.wordcamp.org\/2022\/files\/2022\/12\/grabando-en-wcgrinon-2022-1-768x512.jpg 768w, https:\/\/grinon.wordcamp.org\/2022\/files\/2022\/12\/grabando-en-wcgrinon-2022-1-450x300.jpg 450w, https:\/\/grinon.wordcamp.org\/2022\/files\/2022\/12\/grabando-en-wcgrinon-2022-1-1536x1024.jpg 1536w, https:\/\/grinon.wordcamp.org\/2022\/files\/2022\/12\/grabando-en-wcgrinon-2022-1-2048x1365.jpg 2048w\" sizes=\"(max-width: 1024px) 100vw, 1024px\" \/><figcaption class=\"wp-block-jetpack-slideshow_caption gallery-caption\">Javier Casares (asistente)<\/figcaption><\/figure><\/li><li class=\"wp-block-jetpack-slideshow_slide swiper-slide\"><figure><img loading=\"lazy\" decoding=\"async\" width=\"1024\" height=\"683\" alt=\"\" class=\"wp-block-jetpack-slideshow_image wp-image-4840\" data-id=\"4840\" src=\"https:\/\/grinon.wordcamp.org\/2022\/files\/2022\/12\/grabando-podcast-wcgrinon-2022-1-1024x683.jpg\" srcset=\"https:\/\/grinon.wordcamp.org\/2022\/files\/2022\/12\/grabando-podcast-wcgrinon-2022-1-1024x683.jpg 1024w, https:\/\/grinon.wordcamp.org\/2022\/files\/2022\/12\/grabando-podcast-wcgrinon-2022-1-300x200.jpg 300w, https:\/\/grinon.wordcamp.org\/2022\/files\/2022\/12\/grabando-podcast-wcgrinon-2022-1-768x512.jpg 768w, https:\/\/grinon.wordcamp.org\/2022\/files\/2022\/12\/grabando-podcast-wcgrinon-2022-1-450x300.jpg 450w, https:\/\/grinon.wordcamp.org\/2022\/files\/2022\/12\/grabando-podcast-wcgrinon-2022-1-1536x1024.jpg 1536w, https:\/\/grinon.wordcamp.org\/2022\/files\/2022\/12\/grabando-podcast-wcgrinon-2022-1-2048x1365.jpg 2048w\" sizes=\"(max-width: 1024px) 100vw, 1024px\" \/><figcaption class=\"wp-block-jetpack-slideshow_caption gallery-caption\">Leandro Men\u00e9ndez (ponente), El Cura Lega\u00f1as (asistente) y Jorge Mar\u00edn Nieto (asistente)<\/figcaption><\/figure><\/li><li class=\"wp-block-jetpack-slideshow_slide swiper-slide\"><figure><img loading=\"lazy\" decoding=\"async\" width=\"1024\" height=\"461\" alt=\"\" class=\"wp-block-jetpack-slideshow_image wp-image-4846\" data-id=\"4846\" src=\"https:\/\/grinon.wordcamp.org\/2022\/files\/2022\/12\/photo_2_2022-12-06_01-44-47-1024x461.jpg\" srcset=\"https:\/\/grinon.wordcamp.org\/2022\/files\/2022\/12\/photo_2_2022-12-06_01-44-47-1024x461.jpg 1024w, https:\/\/grinon.wordcamp.org\/2022\/files\/2022\/12\/photo_2_2022-12-06_01-44-47-300x135.jpg 300w, https:\/\/grinon.wordcamp.org\/2022\/files\/2022\/12\/photo_2_2022-12-06_01-44-47-768x346.jpg 768w, https:\/\/grinon.wordcamp.org\/2022\/files\/2022\/12\/photo_2_2022-12-06_01-44-47-500x225.jpg 500w, https:\/\/grinon.wordcamp.org\/2022\/files\/2022\/12\/photo_2_2022-12-06_01-44-47.jpg 1280w\" sizes=\"(max-width: 1024px) 100vw, 1024px\" \/><figcaption class=\"wp-block-jetpack-slideshow_caption gallery-caption\">Diferentes asistentes y podcaster<\/figcaption><\/figure><\/li><li class=\"wp-block-jetpack-slideshow_slide swiper-slide\"><figure><img loading=\"lazy\" decoding=\"async\" width=\"1024\" height=\"577\" alt=\"\" class=\"wp-block-jetpack-slideshow_image wp-image-4847\" data-id=\"4847\" src=\"https:\/\/grinon.wordcamp.org\/2022\/files\/2022\/12\/photo_3_2022-12-06_01-44-47-1024x577.jpg\" srcset=\"https:\/\/grinon.wordcamp.org\/2022\/files\/2022\/12\/photo_3_2022-12-06_01-44-47-1024x577.jpg 1024w, https:\/\/grinon.wordcamp.org\/2022\/files\/2022\/12\/photo_3_2022-12-06_01-44-47-300x169.jpg 300w, https:\/\/grinon.wordcamp.org\/2022\/files\/2022\/12\/photo_3_2022-12-06_01-44-47-768x433.jpg 768w, https:\/\/grinon.wordcamp.org\/2022\/files\/2022\/12\/photo_3_2022-12-06_01-44-47-500x282.jpg 500w, https:\/\/grinon.wordcamp.org\/2022\/files\/2022\/12\/photo_3_2022-12-06_01-44-47.jpg 1280w\" sizes=\"(max-width: 1024px) 100vw, 1024px\" \/><figcaption class=\"wp-block-jetpack-slideshow_caption gallery-caption\">Juanma Aranda (asistente) y Pablo Moratinos (ponente)<\/figcaption><\/figure><\/li><li class=\"wp-block-jetpack-slideshow_slide swiper-slide\"><figure><img loading=\"lazy\" decoding=\"async\" width=\"1024\" height=\"577\" alt=\"\" class=\"wp-block-jetpack-slideshow_image wp-image-4845\" data-id=\"4845\" src=\"https:\/\/grinon.wordcamp.org\/2022\/files\/2022\/12\/photo_1_2022-12-06_01-44-47-1024x577.jpg\" srcset=\"https:\/\/grinon.wordcamp.org\/2022\/files\/2022\/12\/photo_1_2022-12-06_01-44-47-1024x577.jpg 1024w, https:\/\/grinon.wordcamp.org\/2022\/files\/2022\/12\/photo_1_2022-12-06_01-44-47-300x169.jpg 300w, https:\/\/grinon.wordcamp.org\/2022\/files\/2022\/12\/photo_1_2022-12-06_01-44-47-768x433.jpg 768w, https:\/\/grinon.wordcamp.org\/2022\/files\/2022\/12\/photo_1_2022-12-06_01-44-47-500x282.jpg 500w, https:\/\/grinon.wordcamp.org\/2022\/files\/2022\/12\/photo_1_2022-12-06_01-44-47.jpg 1280w\" sizes=\"(max-width: 1024px) 100vw, 1024px\" \/><figcaption class=\"wp-block-jetpack-slideshow_caption gallery-caption\">Fernando Tellado (ponente)<\/figcaption><\/figure><\/li><li class=\"wp-block-jetpack-slideshow_slide swiper-slide\"><figure><img loading=\"lazy\" decoding=\"async\" width=\"1024\" height=\"683\" alt=\"\" class=\"wp-block-jetpack-slideshow_image wp-image-4838\" data-id=\"4838\" src=\"https:\/\/grinon.wordcamp.org\/2022\/files\/2022\/12\/20221119_igg_wc_grinon-9880-1024x683.jpg\" srcset=\"https:\/\/grinon.wordcamp.org\/2022\/files\/2022\/12\/20221119_igg_wc_grinon-9880-1024x683.jpg 1024w, https:\/\/grinon.wordcamp.org\/2022\/files\/2022\/12\/20221119_igg_wc_grinon-9880-300x200.jpg 300w, https:\/\/grinon.wordcamp.org\/2022\/files\/2022\/12\/20221119_igg_wc_grinon-9880-768x512.jpg 768w, https:\/\/grinon.wordcamp.org\/2022\/files\/2022\/12\/20221119_igg_wc_grinon-9880-450x300.jpg 450w, https:\/\/grinon.wordcamp.org\/2022\/files\/2022\/12\/20221119_igg_wc_grinon-9880-1536x1024.jpg 1536w, https:\/\/grinon.wordcamp.org\/2022\/files\/2022\/12\/20221119_igg_wc_grinon-9880-2048x1365.jpg 2048w\" sizes=\"(max-width: 1024px) 100vw, 1024px\" \/><figcaption class=\"wp-block-jetpack-slideshow_caption gallery-caption\">Fernando L\u00f3pez (organizador) y Naza Mej\u00edas (organizadora)<\/figcaption><\/figure><\/li><\/ul><a class=\"wp-block-jetpack-slideshow_button-prev swiper-button-prev swiper-button-white\" role=\"button\"><\/a><a class=\"wp-block-jetpack-slideshow_button-next swiper-button-next swiper-button-white\" role=\"button\"><\/a><a aria-label=\"Pause Slideshow\" class=\"wp-block-jetpack-slideshow_button-pause\" role=\"button\"><\/a><div class=\"wp-block-jetpack-slideshow_pagination swiper-pagination swiper-pagination-white\"><\/div><\/div><\/div>\n\n\n\n<h2 class=\"wp-block-heading\" id=\"escuchar\">Esc\u00fachanos en las principales plataformas<\/h2>\n\n\n\n<figure class=\"wp-block-image aligncenter size-full\"><a href=\"https:\/\/open.spotify.com\/show\/085sq92vkD8OKxhk0wBkt0\" target=\"_blank\" rel=\"noreferrer noopener\"><img loading=\"lazy\" decoding=\"async\" width=\"195\" height=\"50\" src=\"https:\/\/grinon.wordcamp.org\/2022\/files\/2022\/09\/spotify-podcast-2.png\" alt=\"Esc\u00fachalo en Spotify\" class=\"wp-image-2772\" \/><\/a><figcaption class=\"wp-element-caption\">Esc\u00fachalo en Spotify<\/figcaption><\/figure>\n\n\n\n<figure class=\"wp-block-image aligncenter size-full\"><a href=\"https:\/\/podcasts.apple.com\/es\/podcast\/wordcamp-gri%C3%B1on\/id1641974497\" target=\"_blank\" rel=\"noreferrer noopener\"><img loading=\"lazy\" decoding=\"async\" width=\"192\" height=\"50\" src=\"https:\/\/grinon.wordcamp.org\/2022\/files\/2022\/09\/logo-apple-podcast-2.jpeg\" alt=\"Esc\u00fachalo en Apple Podcast\" class=\"wp-image-2773\" \/><\/a><figcaption class=\"wp-element-caption\">Esc\u00fachalo en Apple Podcast<\/figcaption><\/figure>\n\n\n\n<figure class=\"wp-block-image aligncenter size-full is-resized\"><a href=\"https:\/\/www.ivoox.com\/podcast-wordcamp-grinon_sq_f11648056_1.html\" target=\"_blank\" rel=\"noreferrer noopener\"><img loading=\"lazy\" decoding=\"async\" src=\"https:\/\/grinon.wordcamp.org\/2022\/files\/2022\/09\/logo-ivoox-3.png\" alt=\"Esc\u00fachalo en Ivoox\" class=\"wp-image-2771\" width=\"145\" height=\"37\" \/><\/a><figcaption class=\"wp-element-caption\">Esc\u00fachalo en Ivoox<\/figcaption><\/figure>\n\n\n\n<figure class=\"wp-block-image aligncenter size-full\"><a href=\"https:\/\/anchor.fm\/s\/b2f92254\/podcast\/rss\" target=\"_blank\" rel=\"noreferrer noopener\"><img loading=\"lazy\" decoding=\"async\" width=\"100\" height=\"50\" src=\"https:\/\/grinon.wordcamp.org\/2022\/files\/2022\/09\/podcast-rss-2.png\" alt=\"Enlaza con la RSS del podcast\" class=\"wp-image-2770\" \/><\/a><figcaption class=\"wp-element-caption\">Enlaza con la RSS del Podcast<\/figcaption><\/figure>\n\n\n\n<figure class=\"wp-block-image aligncenter size-full is-resized\"><a href=\"https:\/\/www.youtube.com\/channel\/UCuwhtNtXjCqAs9ty2pvDO2g\" target=\"_blank\" rel=\"noreferrer noopener\"><img loading=\"lazy\" decoding=\"async\" src=\"https:\/\/grinon.wordcamp.org\/2022\/files\/2022\/09\/yt_logo_rgb_light.png\" alt=\"Tambi\u00e9n puedes vernos en YouTube\" class=\"wp-image-2779\" width=\"199\" height=\"45\" srcset=\"https:\/\/grinon.wordcamp.org\/2022\/files\/2022\/09\/yt_logo_rgb_light.png 794w, https:\/\/grinon.wordcamp.org\/2022\/files\/2022\/09\/yt_logo_rgb_light-300x67.png 300w, https:\/\/grinon.wordcamp.org\/2022\/files\/2022\/09\/yt_logo_rgb_light-768x172.png 768w, https:\/\/grinon.wordcamp.org\/2022\/files\/2022\/09\/yt_logo_rgb_light-500x112.png 500w\" sizes=\"auto, (max-width: 199px) 100vw, 199px\" \/><\/a><figcaption class=\"wp-element-caption\">Tambi\u00e9n puedes vernos en YouTube<\/figcaption><\/figure>\n","protected":false},"excerpt":{"rendered":"<p>En una sala de la WordCamp Gri\u00f1\u00f3n pudimos charlar con diferentes asistentes al evento. \u00bfQui\u00e9nes pasaron por nuestros micr\u00f3fonos? \u00bfQuieres saber qu\u00e9 contaron? <\/p>\n","protected":false},"author":14297363,"featured_media":4851,"comment_status":"open","ping_status":"","sticky":false,"template":"single-no-separators","format":"standard","meta":{"_crdt_document":"","jetpack_post_was_ever_published":false,"_jetpack_newsletter_access":"","_jetpack_dont_email_post_to_subs":false,"_jetpack_newsletter_tier_id":0,"_jetpack_memberships_contains_paywalled_content":false,"_jetpack_memberships_contains_paid_content":false,"footnotes":""},"categories":[1],"tags":[],"class_list":["post-4833","post","type-post","status-publish","format-standard","has-post-thumbnail","hentry","category-blog"],"jetpack_featured_media_url":"https:\/\/grinon.wordcamp.org\/2022\/files\/2022\/12\/wordcamp-grinon-en-vivo-2022-con-bonus-track-3.jpg","jetpack_sharing_enabled":true,"_links":{"self":[{"href":"https:\/\/grinon.wordcamp.org\/2022\/wp-json\/wp\/v2\/posts\/4833","targetHints":{"allow":["GET"]}}],"collection":[{"href":"https:\/\/grinon.wordcamp.org\/2022\/wp-json\/wp\/v2\/posts"}],"about":[{"href":"https:\/\/grinon.wordcamp.org\/2022\/wp-json\/wp\/v2\/types\/post"}],"author":[{"embeddable":true,"href":"https:\/\/grinon.wordcamp.org\/2022\/wp-json\/wp\/v2\/users\/14297363"}],"replies":[{"embeddable":true,"href":"https:\/\/grinon.wordcamp.org\/2022\/wp-json\/wp\/v2\/comments?post=4833"}],"version-history":[{"count":26,"href":"https:\/\/grinon.wordcamp.org\/2022\/wp-json\/wp\/v2\/posts\/4833\/revisions"}],"predecessor-version":[{"id":4964,"href":"https:\/\/grinon.wordcamp.org\/2022\/wp-json\/wp\/v2\/posts\/4833\/revisions\/4964"}],"wp:featuredmedia":[{"embeddable":true,"href":"https:\/\/grinon.wordcamp.org\/2022\/wp-json\/wp\/v2\/media\/4851"}],"wp:attachment":[{"href":"https:\/\/grinon.wordcamp.org\/2022\/wp-json\/wp\/v2\/media?parent=4833"}],"wp:term":[{"taxonomy":"category","embeddable":true,"href":"https:\/\/grinon.wordcamp.org\/2022\/wp-json\/wp\/v2\/categories?post=4833"},{"taxonomy":"post_tag","embeddable":true,"href":"https:\/\/grinon.wordcamp.org\/2022\/wp-json\/wp\/v2\/tags?post=4833"}],"curies":[{"name":"wp","href":"https:\/\/api.w.org\/{rel}","templated":true}]}}